{"id":102733,"date":"2024-03-05T15:34:22","date_gmt":"2024-03-05T15:34:22","guid":{"rendered":"https:\/\/mairie-provins.fr\/wp\/?p=102733"},"modified":"2026-04-21T15:49:15","modified_gmt":"2026-04-21T13:49:15","slug":"jeunesse-mobilites","status":"publish","type":"post","link":"https:\/\/mairie-provins.fr\/wp\/2024\/03\/05\/102733\/jeunesse-mobilites\/","title":{"rendered":"Jeunesse &#8211; Mobilit\u00e9s"},"content":{"rendered":"\n<h1 style=\"text-align: justify;\">LANCEMENT AMI<\/h1>\n<p style=\"text-align: justify;\"><strong>Le 15 f\u00e9vrier 2024 avait lieu le lancement de la mise en service de 4 v\u00e9hicules AMI CITRO\u00cbN \u00e0 destination des jeunes !<\/strong><br \/>AMI, c\u2019est une voiturette \u00e9lectrique qui se conduit avec le permis AM, le permis B n\u2019est donc pas n\u00e9cessaire.<br \/>La Mission locale du Provinois est d\u00e9sormais propri\u00e9taire de 4 exemplaires de ce petit v\u00e9hicule, afin de les mettre \u00e0 disposition de jeunes en qu\u00e8te de mobilit\u00e9. Ils peuvent permettre aux b\u00e9n\u00e9ficiaires de se rendre sur un lieu de travail non desservi par les transports en commun ou sur des p\u00e9riodes de\u00a0 travail en horaires d\u00e9cal\u00e9s. Les d\u00e9placements \u00e0 titre personnel, dans le cadre d\u2019un projet d\u2019insertion, peuvent \u00e9galement faire l\u2019objet d\u2019un pr\u00eat.<br \/>\u00c0 cette occasion a \u00e9galement eu lieu la projection du film* : \u00ab\u00a0La route de l&rsquo;opportunit\u00e9, les jeunes de la Mission Locale de Provins \u00e0 Dieppe\u00a0\u00bb (par\u00a0 \u201cLes Films du Hamac\u201d) en pr\u00e9sence des jeunes cyclistes participants !<\/p>\n<p style=\"text-align: justify;\"><\/p>\n<h3 style=\"text-align: justify;\">PROMOUVOIR LA MOBILIT\u00c9 DOUCE<\/h3>\n<p style=\"text-align: justify;\"><strong>Le 6 novembre 2023, cinq jeunes et deux accompagnateurs de la Mission Locale du Provinois sont partis en v\u00e9los \u00e9lectriques de Provins jusqu&rsquo;\u00e0 Dieppe : la Route de l\u2019opportunit\u00e9.<\/strong><\/p>\n<p style=\"text-align: justify;\">Charlie, Enzo, Melyna, Lune et Mathis, cinq jeunes de la Mission locale du Provinois, sont partis du parvis du centre culturel et sportif Saint-Ayoul\u00a0 de Provins (Seine-et-Marne), en direction de Dieppe (Seine-Maritime).<br \/>En cinq jours, les jeunes d\u00e9couvrent un mode de d\u00e9placement \u00e9cologique conjugu\u00e9 au d\u00e9passement de soi ! Voici les 5 \u00e9tapes : La Fert\u00e9 Sous Jouarre, Senlis, Beauvais, Forges les eaux et Dieppe !<br \/>La mobilit\u00e9 \u00e9tant un enjeu majeur du territoire, cette \u00ab route de l\u2019opportunit\u00e9 \u00bb est une fa\u00e7on originale de promouvoir la mobilit\u00e9 douce.<br \/>\u00ab L\u2019objectif est aussi de montrer aux jeunes qu\u2019il n\u2019existe pas qu\u2019un seul mode de d\u00e9placement, \u00e0 savoir la voiture, et qu\u2019on peut r\u00e9aliser de grandes choses avec des moyens diff\u00e9rents. \u00bb &#8211; Renaud Labeaune, accompagnant et conseiller mobilit\u00e9 aupr\u00e8s de la Mission locale du Provinois Cette exp\u00e9rience enrichissante, unique et particuli\u00e8re, a apport\u00e9 aux participants des souvenirs pour toute leur vie.<br \/>C\u2019est aussi une fa\u00e7on de leur donner un nouvel \u00e9lan dans leur vie. \u00ab Donovan, le second accompagnant, \u00e9tait \u00e0 bord d\u2019une voiture \u00e9lectrique afin de g\u00e9rer toute la partie logistique et l\u2019intendance des repas \u00bb, raconte Renaud Labeaune.<\/p>\n<p style=\"text-align: justify;\"><\/p>\n<h3 style=\"text-align: justify;\">Zoom sur le permis citoyen<\/h3>\n<h2>\u00a0<\/h2>\n<h2 style=\"text-align: justify;\">PRINCIPE G\u00c9N\u00c9RAL<\/h2>\n<p style=\"text-align: justify;\"><img decoding=\"async\" class=\"alignright\" src=\"https:\/\/mairie-provins.fr\/wp\/wp-content\/uploads\/2024\/03\/permis-citoyen_min.jpg\" alt=\"Permis citoyen\" width=\"150\" height=\"212\" \/>Sur la longue route de l\u2019autonomie, l\u2019obtention du permis de conduire est un point d\u2019\u00e9tape incontournable. Dans le cadre de sa politique jeunesse, la Ville de Provins agit gr\u00e2ce au permis citoyen.<br \/>Le permis est non seulement une aide \u00e0 l\u2019ind\u00e9pendance mais il est surtout un atout majeur pour mener \u00e0 bien un projet professionnel. C\u2019est pourquoi la Ville a lanc\u00e9, en 2021, le Permis Citoyen Provinois et entend bien encourager l\u2019engagement des jeunes.<br \/>Cette initiative consiste en une aide financi\u00e8re destin\u00e9e \u00e0 financer le permis de conduire ou la conduite accompagn\u00e9e d\u2019un jeune, en contrepartie d\u2019un engagement citoyen au sein des services municipaux ou d\u2019une association provinoise.<br \/>Pour se porter candidat, il convient de remplir un dossier de candidature disponible en mairie et sur le site de la ville. Il fera l\u2019objet d\u2019une pr\u00e9sentation en Commission, apr\u00e8s \u00e9tude de sa recevabilit\u00e9.<br \/>Pour les candidats retenus, une convention bipartite sera sign\u00e9e, entre le jeune, et la mairie de Provins. En contre-partie de 70h d\u2019engagement citoyen de la part du jeune, la ville s\u2019engagera \u00e0 son tour \u00e0 lui verser la somme de 800 euros, en aide au financement du permis de conduire ou de la conduite accompagn\u00e9e.<\/p>\n<h2>\u00a0<\/h2>\n<h2 style=\"text-align: justify;\">CRIT\u00c8RES DE RECEVABILIT\u00c9 DU DOSSIER DE CANDIDATURE<\/h2>\n<ul style=\"text-align: justify;\">\n<li>\u00catre Provinois depuis au moins 1 an.<\/li>\n<li>\u00catre inscrit dans une auto-\u00e9cole provinoise,<\/li>\n<li>Avoir entre 15 et 25 ans.<\/li>\n<li>Ne pas b\u00e9n\u00e9ficier d\u2019une autre aide pour le passage du permis de conduire (France Travail, Mission locale&#8230;).<\/li>\n<li>Pr\u00e9senter un projet de motivation au passage du Permis citoyen.<\/li>\n<li>S\u2019engager \u00e0 passer l\u2019examen du code de la route dans les 6 mois suivant la signature de la convention.<\/li>\n<li>S\u2019engager \u00e0 passer l\u2019examen du permis de conduire dans les 3 ans suivant la signature de la convention<\/li>\n<li>S\u2019engager \u00e0 payer la totalit\u00e9 du permis de conduire \u00e0 l\u2019auto-\u00e9cole.<\/li>\n<\/ul>\n<h2>\u00a0<\/h2>\n<h2 style=\"text-align: justify;\">ENGAGEMENTS DU CANDIDAT<\/h2>\n<p style=\"text-align: justify;\">Le jeune inscrit dans le dispositif du Permis Citoyen Provinois s\u2019engage \u00e0 respecter un r\u00e8glement, \u00e0 le signer ainsi que la charte du Permis Citoyen Provinois. Il s\u2019engage \u00e0 effectuer son engagement citoyen :<\/p>\n<ul style=\"text-align: justify;\">\n<li>20 h d\u2019engagement citoyen dans les 3 mois qui suivent la signature de la convention<\/li>\n<li>25 h d\u2019engagement citoyen entre 3 et 6 mois qui suivent la signature de la convention<\/li>\n<li>25 h d\u2019engagement citoyen entre 6 et 12 mois qui suivent la signature de la convention.<\/li>\n<\/ul>\n<h2>\u00a0<\/h2>\n<h2 style=\"text-align: justify;\">MONTANT DE L\u2019AIDE FINANCIERE<\/h2>\n<p style=\"text-align: justify;\">Le montant de l\u2019aide financi\u00e8re est de 800 euros. Elle sera vers\u00e9e directement au jeune en 3 fois, selon les modalit\u00e9s ci-apr\u00e8s :<br \/>Pour les jeunes n\u2019ayant pas le code :<\/p>\n<ul style=\"text-align: justify;\">\n<li>200 euros \u00e0 l\u2019inscription, apr\u00e8s avoir effectu\u00e9 20h d\u2019engagement<\/li>\n<li>300 euros \u00e0 l\u2019obtention du code, apr\u00e8s avoir effectu\u00e9 un minimum de 45h d\u2019engagement<\/li>\n<li>300 euros au passage du Permis de Conduire ou \u00e0 la fin des heures de conduite pour la conduite accompagn\u00e9e, apr\u00e8s avoir effectu\u00e9 70h d\u2019engagement.<\/li>\n<\/ul>\n<p style=\"text-align: justify;\">Pour les jeunes ayant d\u00e9j\u00e0 le code :<\/p>\n<ul style=\"text-align: justify;\">\n<li>200 euros \u00e0 l\u2019inscription, apr\u00e8s avoir effectu\u00e9 20h d\u2019engagement<\/li>\n<li>300 euros \u00e0 la 10e heure de conduite, apr\u00e8s avoir effectu\u00e9 un minimum de 45h d\u2019engagement<\/li>\n<li>300 euros au passage du Permis de Conduire ou \u00e0 la fin des heures de conduite pour la conduite accompagn\u00e9e, apr\u00e8s avoir effectu\u00e9 70h d\u2019engagement.<\/li>\n<\/ul>\n<p><\/p>\n<hr \/>\n<p><\/p>\n<h2><em>Portrait d&rsquo;Enzo<\/em><\/h2>\n<p style=\"text-align: justify;\">\u00ab Je suis inscrit \u00e0 la mission locale du Provinois depuis juillet 2023. Celle-ci jusqu\u2019\u00e0 pr\u00e9sent m\u2019a apport\u00e9 beaucoup : des rencontres, une ambiance conviviale gr\u00e2ce \u00e0 des ateliers\u2026Mais ce n\u2019est pas tout, la Mission Locale m\u2019a permis d\u2019avoir le droit \u00e0 l\u2019aide au permis de l\u2019\u00eele de France, j\u2019ai pu obtenir mon code en d\u00e9cembre et puis je passe mes heures de conduite en ce moment pour pouvoir me d\u00e9placer plus facilement avec un v\u00e9hicule.<br \/>Au sujet du circuit La route de l\u2019opportunit\u00e9 : je ne pars pas souvent en vacances et quand on m&rsquo;a propos\u00e9 cette aventure, je n\u2019ai pas mis longtemps \u00e0 me d\u00e9cider pour me lancer. J\u2019ai aim\u00e9 d\u00e9couvrir d\u2019autres villes et sortir de ma zone de confort pour affronter l\u2019inconnu. Cette aventure m\u2019a permis de mieux me connaitre et de rencontrer des jeunes d\u2019autres missions locales. Au d\u00e9part cela peut faire peur de faire 300 km mais au final en cinq \u00e9tapes : c\u2019est faisable et on se d\u00e9passe avec de la volont\u00e9 et un peu de courage ! \u00bb<\/p>\n<p><\/p>\n<h2><em>Titouan, 19 ans<\/em><\/h2>\n<p>\u00ab Le permis citoyen est un service qui a \u00e9t\u00e9 tr\u00e8s utile dans l\u2019obtention de mon permis en finan\u00e7ant une tr\u00e8s grosse partie. De plus, mon passage dans diff\u00e9rents services de la Ville, notamment le service enseignement, le mus\u00e9e du Provinois, les services techniques, m\u2019ont permis d\u2019obtenir des exp\u00e9riences professionnelles dans diff\u00e9rents domaines. Je remercie la Ville pour cette opportunit\u00e9. \u00bb<\/p>\n<p><\/p>\n<hr \/>\n<h3>\u00a0<\/h3>\n<h3 style=\"text-align: justify;\">Consigne \u00e0 v\u00e9los<\/h3>\n<p style=\"text-align: justify;\">\u00cele-de-France Mobilit\u00e9s et SNCF Gares &amp; Connexions mettent \u00e0 disposition parking \u00e0 v\u00e9los s\u00e9curis\u00e9 \u00e0 la gare de Provins D\u00e8s maintenant, prenez votre v\u00e9lo pour vous rendre \u00e0 la gare de Provins o\u00f9 vous trouverez des Parkings V\u00e9los financ\u00e9s par \u00cele-de-France Mobilit\u00e9s et r\u00e9alis\u00e9s par SNCF Gares &amp; Connexions.<br \/>Avec l&rsquo;essor croissant de la pratique du v\u00e9lo, il s\u2019agit de r\u00e9pondre aux besoins des cyclistes en leur offrant un moyen pratique de stationner leur v\u00e9lo pr\u00e8s des gares.<br \/>Le service Parking V\u00e9los propose des emplacements d\u00e9di\u00e9s et s\u00e9curis\u00e9s, en libre acc\u00e8s ou en consigne ferm\u00e9e accessible sur abonnement,\u00a0 sp\u00e9cialement con\u00e7us pour stationner votre v\u00e9lo en toute tranquillit\u00e9 pendant que vous effectuez vos trajets en transport en commun.<\/p>\n","protected":false},"excerpt":{"rendered":"<p>LANCEMENT AMI Le 15 f\u00e9vrier 2024 avait lieu le lancement de la mise en service de 4 v\u00e9hicules AMI CITRO\u00cbN \u00e0 destination des jeunes !AMI, c\u2019est une voiturette \u00e9lectrique qui se conduit avec le permis AM, le permis B n\u2019est donc pas n\u00e9cessaire.La Mission locale du Provinois est d\u00e9sormais propri\u00e9taire de 4 exemplaires de ce [&hellip;]<\/p>\n","protected":false},"author":2,"featured_media":0,"comment_status":"closed","ping_status":"closed","sticky":false,"template":"","format":"standard","meta":{"footnotes":""},"categories":[1],"tags":[],"class_list":{"0":"post-102733","1":"post","2":"type-post","3":"status-publish","4":"format-standard","6":"category-uncategorized","7":"czr-hentry"},"aioseo_notices":[],"publishpress_future_action":{"enabled":false,"date":"2026-05-05 18:25:58","action":"change-status","newStatus":"draft","terms":[],"taxonomy":"category","extraData":[]},"publishpress_future_workflow_manual_trigger":{"enabledWorkflows":[]},"_links":{"self":[{"href":"https:\/\/mairie-provins.fr\/wp\/wp-json\/wp\/v2\/posts\/102733","targetHints":{"allow":["GET"]}}],"collection":[{"href":"https:\/\/mairie-provins.fr\/wp\/wp-json\/wp\/v2\/posts"}],"about":[{"href":"https:\/\/mairie-provins.fr\/wp\/wp-json\/wp\/v2\/types\/post"}],"author":[{"embeddable":true,"href":"https:\/\/mairie-provins.fr\/wp\/wp-json\/wp\/v2\/users\/2"}],"replies":[{"embeddable":true,"href":"https:\/\/mairie-provins.fr\/wp\/wp-json\/wp\/v2\/comments?post=102733"}],"version-history":[{"count":1,"href":"https:\/\/mairie-provins.fr\/wp\/wp-json\/wp\/v2\/posts\/102733\/revisions"}],"predecessor-version":[{"id":109634,"href":"https:\/\/mairie-provins.fr\/wp\/wp-json\/wp\/v2\/posts\/102733\/revisions\/109634"}],"wp:attachment":[{"href":"https:\/\/mairie-provins.fr\/wp\/wp-json\/wp\/v2\/media?parent=102733"}],"wp:term":[{"taxonomy":"category","embeddable":true,"href":"https:\/\/mairie-provins.fr\/wp\/wp-json\/wp\/v2\/categories?post=102733"},{"taxonomy":"post_tag","embeddable":true,"href":"https:\/\/mairie-provins.fr\/wp\/wp-json\/wp\/v2\/tags?post=102733"}],"curies":[{"name":"wp","href":"https:\/\/api.w.org\/{rel}","templated":true}]}}