{"id":111212,"date":"2026-09-03T10:12:13","date_gmt":"2026-09-03T08:12:13","guid":{"rendered":"https:\/\/mairie-provins.fr\/wp\/?p=111212"},"modified":"2026-09-03T11:13:18","modified_gmt":"2026-09-03T09:13:18","slug":"une-nouvelle-offre-le-permis-citoyen","status":"publish","type":"post","link":"https:\/\/mairie-provins.fr\/wp\/2026\/09\/03\/111212\/une-nouvelle-offre-le-permis-citoyen\/","title":{"rendered":"Une nouvelle offre : le Permis Citoyen +"},"content":{"rendered":"\t\t<div data-elementor-type=\"wp-post\" data-elementor-id=\"111212\" class=\"elementor elementor-111212\">\n\t\t\t\t<div class=\"has_eae_slider elementor-element elementor-element-4881c0a e-flex e-con-boxed e-con e-parent\" data-eae-slider=\"55618\" data-id=\"4881c0a\" data-element_type=\"container\" data-e-type=\"container\">\n\t\t\t\t\t<div class=\"e-con-inner\">\n\t\t\t\t<div class=\"elementor-element elementor-element-d93dae1 elementor-widget elementor-widget-text-editor\" data-id=\"d93dae1\" data-element_type=\"widget\" data-e-type=\"widget\" data-widget_type=\"text-editor.default\">\n\t\t\t\t<div class=\"elementor-widget-container\">\n\t\t\t\t\t\t\t\t\t<p style=\"text-align: justify;\"><span style=\"color: #1e73be;\"><strong>Le Conseil municipal du 8 juillet 2026 a cr\u00e9\u00e9 officiellement le Permis Citoyen Provinois +. Depuis son lancement en 2021, le permis citoyen propos\u00e9 par la Ville de Provins a aid\u00e9 pr\u00e8s de 175 jeunes Provinois \u00e0 financer une partie de leur permis de conduire.<\/strong><\/span><\/p><p style=\"text-align: justify;\">Le dispositif, qui s\u2019adresse aux 15 \u00e0 25 ans inscrits dans une des cinq auto-\u00e9coles de la ville, pr\u00e9voit 70 heures de b\u00e9n\u00e9volat au sein d\u2019un service municipal, ou d\u2019une association conventionn\u00e9e avec la Ville, en \u00e9change du financement de 50 % du permis de conduire sans condition de ressources, soit 800 \u20ac.<\/p><p style=\"text-align: justify;\">Cinq ans apr\u00e8s le lancement de son permis citoyen, la Ville renforce son dispositif. Les jeunes \u00e2g\u00e9s de 15 \u00e0 25 ans vont se voir proposer une formation aux Premiers secours citoyen (PSC, ex-PSC1). Dans ce cadre, l\u2019aide financi\u00e8re municipale sera fix\u00e9e \u00e0 1 000 \u20ac.<\/p><p style=\"text-align: justify;\">Concr\u00e8tement, deux possibilit\u00e9s s\u2019offrent ainsi aux futurs conducteurs \u00e9ligibles :<\/p><p style=\"text-align: justify;\"><strong>1- <\/strong>une formation de 7 heures avec les pompiers ou la Croix-Rouge pour obtenir leur PSC, dans le cas o\u00f9 il ne l\u2019aurait pas valid\u00e9 durant leur cursus scolaire,<\/p><p style=\"text-align: justify;\"><strong>2- <\/strong>s\u2019ils sont d\u00e9j\u00e0 titulaires du PSC, une journ\u00e9e de sensibilisation en immersion avec les pompiers ou la Croix-Rouge.<\/p><p style=\"text-align: justify;\">La Ville financera la formation ou la journ\u00e9e d\u2019 immersion, en plus des 1 000 \u20ac d\u2019aides.<\/p><p style=\"text-align: justify;\">\u00c0 noter \u00e9galement que le permis citoyen + b\u00e9n\u00e9ficiera aux \u00e9l\u00e8ves en formation depuis mars 2026.<\/p><p style=\"text-align: justify;\">Comme pour le permis citoyen, les jeunes postulant au \u00ab permis citoyen + \u00bb devront constituer un dossier et pr\u00e9senter un projet de motivation qui sera examin\u00e9 par les services de la Ville.<\/p>\t\t\t\t\t\t\t\t<\/div>\n\t\t\t\t<\/div>\n\t\t\t\t\t<\/div>\n\t\t\t\t<\/div>\n\t\t<div class=\"elementor-element elementor-element-258b334 e-con e-atomic-element e-flexbox-base e-68c18ec \" data-id=\"258b334\" data-element_type=\"e-flexbox\" data-e-type=\"e-flexbox\" data-interaction-id=\"258b334\">\n    \t\t<div class=\"elementor-element elementor-element-8e591fd elementor-widget elementor-widget-text-editor\" data-id=\"8e591fd\" data-element_type=\"widget\" data-e-type=\"widget\" data-widget_type=\"text-editor.default\">\n\t\t\t\t<div class=\"elementor-widget-container\">\n\t\t\t\t\t\t\t\t\t<p>LE PERMIS CITOYEN<\/p>\t\t\t\t\t\t\t\t<\/div>\n\t\t\t\t<\/div>\n\t\t\t\t<div class=\"elementor-element elementor-element-06247e8 elementor-widget elementor-widget-image\" data-id=\"06247e8\" data-element_type=\"widget\" data-e-type=\"widget\" data-widget_type=\"image.default\">\n\t\t\t\t<div class=\"elementor-widget-container\">\n\t\t\t\t\t\t\t\t\t\t\t\t\t\t\t<img fetchpriority=\"high\" decoding=\"async\" width=\"1024\" height=\"175\" src=\"https:\/\/mairie-provins.fr\/wp\/wp-content\/uploads\/2026\/09\/Permis-citoyen-1024x175.png\" class=\"attachment-large size-large wp-image-111224 no-lazy\" alt=\"\" srcset=\"https:\/\/mairie-provins.fr\/wp\/wp-content\/uploads\/2026\/09\/Permis-citoyen-1024x175.png 1024w, https:\/\/mairie-provins.fr\/wp\/wp-content\/uploads\/2026\/09\/Permis-citoyen-300x51.png 300w, https:\/\/mairie-provins.fr\/wp\/wp-content\/uploads\/2026\/09\/Permis-citoyen-768x132.png 768w, https:\/\/mairie-provins.fr\/wp\/wp-content\/uploads\/2026\/09\/Permis-citoyen.png 1488w\" sizes=\"(max-width: 1024px) 100vw, 1024px\" \/>\t\t\t\t\t\t\t\t\t\t\t\t\t\t\t<\/div>\n\t\t\t\t<\/div>\n\t\t\n<\/div>\n<div class=\"elementor-element elementor-element-b363846 e-con e-atomic-element e-flexbox-base e-b363846-a4929b1 \" data-id=\"b363846\" data-element_type=\"e-flexbox\" data-e-type=\"e-flexbox\" data-interaction-id=\"b363846\">\n    \t\t<div class=\"elementor-element elementor-element-2698304 elementor-widget elementor-widget-text-editor\" data-id=\"2698304\" data-element_type=\"widget\" data-e-type=\"widget\" data-widget_type=\"text-editor.default\">\n\t\t\t\t<div class=\"elementor-widget-container\">\n\t\t\t\t\t\t\t\t\t<p>LE PERMIS CITOYEN +<\/p>\t\t\t\t\t\t\t\t<\/div>\n\t\t\t\t<\/div>\n\t\t\t\t<div class=\"elementor-element elementor-element-a9736b1 elementor-widget elementor-widget-image\" data-id=\"a9736b1\" data-element_type=\"widget\" data-e-type=\"widget\" data-widget_type=\"image.default\">\n\t\t\t\t<div class=\"elementor-widget-container\">\n\t\t\t\t\t\t\t\t\t\t\t\t\t\t\t<img decoding=\"async\" width=\"1024\" height=\"177\" src=\"https:\/\/mairie-provins.fr\/wp\/wp-content\/uploads\/2026\/09\/Permis-citoyen-1-1024x177.png\" class=\"attachment-large size-large wp-image-111225 no-lazy\" alt=\"\" srcset=\"https:\/\/mairie-provins.fr\/wp\/wp-content\/uploads\/2026\/09\/Permis-citoyen-1-1024x177.png 1024w, https:\/\/mairie-provins.fr\/wp\/wp-content\/uploads\/2026\/09\/Permis-citoyen-1-300x52.png 300w, https:\/\/mairie-provins.fr\/wp\/wp-content\/uploads\/2026\/09\/Permis-citoyen-1-768x133.png 768w, https:\/\/mairie-provins.fr\/wp\/wp-content\/uploads\/2026\/09\/Permis-citoyen-1.png 1487w\" sizes=\"(max-width: 1024px) 100vw, 1024px\" \/>\t\t\t\t\t\t\t\t\t\t\t\t\t\t\t<\/div>\n\t\t\t\t<\/div>\n\t\t\n<\/div>\n<div class=\"elementor-element elementor-element-db4379a e-con e-atomic-element e-flexbox-base e-db4379a-585df2c \" data-id=\"db4379a\" data-element_type=\"e-flexbox\" data-e-type=\"e-flexbox\" data-interaction-id=\"db4379a\">\n    \t\t<div class=\"elementor-element elementor-element-fa687de elementor-widget elementor-widget-text-editor\" data-id=\"fa687de\" data-element_type=\"widget\" data-e-type=\"widget\" data-widget_type=\"text-editor.default\">\n\t\t\t\t<div class=\"elementor-widget-container\">\n\t\t\t\t\t\t\t\t\t<p>RENSEIGNEMENTS :<br \/>T\u00e9l. : 01 64 60 38 05 ou 01 64 60 38 45<br \/>Dossier de candidature \u00e0 envoyer \u00e0 :<br \/>permis-citoyen@mairie-provins.fr<\/p>\t\t\t\t\t\t\t\t<\/div>\n\t\t\t\t<\/div>\n\t\t\n<\/div>\n<div class=\"elementor-element elementor-element-0773e21 e-con e-atomic-element e-flexbox-base e-0773e21-ac41f38 \" data-id=\"0773e21\" data-element_type=\"e-flexbox\" data-e-type=\"e-flexbox\" data-interaction-id=\"0773e21\">\n    \t\t<div class=\"elementor-element elementor-element-76274fc elementor-widget-divider--view-line elementor-widget elementor-widget-divider\" data-id=\"76274fc\" data-element_type=\"widget\" data-e-type=\"widget\" data-widget_type=\"divider.default\">\n\t\t\t\t<div class=\"elementor-widget-container\">\n\t\t\t\t\t\t\t<div class=\"elementor-divider\">\n\t\t\t<span class=\"elementor-divider-separator\">\n\t\t\t\t\t\t<\/span>\n\t\t<\/div>\n\t\t\t\t\t\t<\/div>\n\t\t\t\t<\/div>\n\t\t\t\t<div class=\"elementor-element elementor-element-7ff47e2 elementor-widget elementor-widget-image\" data-id=\"7ff47e2\" data-element_type=\"widget\" data-e-type=\"widget\" data-widget_type=\"image.default\">\n\t\t\t\t<div class=\"elementor-widget-container\">\n\t\t\t\t\t\t\t\t\t\t\t\t\t\t\t<img decoding=\"async\" width=\"1024\" height=\"512\" src=\"https:\/\/mairie-provins.fr\/wp\/wp-content\/uploads\/2026\/09\/Permis-citoyen-journee-de-formation-1-1024x512.jpg\" class=\"attachment-large size-large wp-image-111229 no-lazy\" alt=\"\" srcset=\"https:\/\/mairie-provins.fr\/wp\/wp-content\/uploads\/2026\/09\/Permis-citoyen-journee-de-formation-1-1024x512.jpg 1024w, https:\/\/mairie-provins.fr\/wp\/wp-content\/uploads\/2026\/09\/Permis-citoyen-journee-de-formation-1-300x150.jpg 300w, https:\/\/mairie-provins.fr\/wp\/wp-content\/uploads\/2026\/09\/Permis-citoyen-journee-de-formation-1-768x384.jpg 768w, https:\/\/mairie-provins.fr\/wp\/wp-content\/uploads\/2026\/09\/Permis-citoyen-journee-de-formation-1.jpg 1200w\" sizes=\"(max-width: 1024px) 100vw, 1024px\" \/>\t\t\t\t\t\t\t\t\t\t\t\t\t\t\t<\/div>\n\t\t\t\t<\/div>\n\t\t\t\t<div class=\"elementor-element elementor-element-9778947 elementor-widget elementor-widget-text-editor\" data-id=\"9778947\" data-element_type=\"widget\" data-e-type=\"widget\" data-widget_type=\"text-editor.default\">\n\t\t\t\t<div class=\"elementor-widget-container\">\n\t\t\t\t\t\t\t\t\t<p style=\"text-align: justify;\"><span style=\"font-size: 24px;\"><strong>UNE JOURN\u00c9E DE FORMATION AUX GESTES QUI SAUVENT<\/strong><\/span><\/p><p style=\"text-align: justify;\"><span style=\"color: #1e73be;\"><strong>Dans le cadre du dispositif Permis Citoyen +, les jeunes de la commune participeront \u00e0 une journ\u00e9e organis\u00e9e (un samedi) au Centre d&rsquo;Incendie et de Secours de Provins, plac\u00e9e sous le signe de la culture de la pr\u00e9vention, de la citoyennet\u00e9 et de l&rsquo;engagement.<\/strong><\/span><\/p><p style=\"text-align: justify;\">Tout au long de cette journ\u00e9e, les participants prendront part \u00e0 plusieurs ateliers leur permettant de d\u00e9couvrir l&rsquo;univers des sapeurs-pompiers et d&rsquo;acqu\u00e9rir des comp\u00e9tences utiles au quotidien. Le programme comprendra :<\/p><p style=\"text-align: justify;\"><strong>1- <\/strong>une session Gestes Qui Sauvent (GQS) d\u2019une dur\u00e9e de 2 heures, afin d&rsquo;acqu\u00e9rir les premiers r\u00e9flexes face \u00e0 une situation d&rsquo;urgence et de devenir un acteur de la cha\u00eene des secours,<\/p><p style=\"text-align: justify;\"><strong>2- <\/strong>une visite du Centre d&rsquo;Incendie et de Secours de Provins, pour d\u00e9couvrir les missions des sapeurs-pompiers, leurs mat\u00e9riels et leur organisation op\u00e9rationnelle,<\/p><p style=\"text-align: justify;\"><strong>3- <\/strong>un temps d&rsquo;\u00e9change consacr\u00e9 \u00e0 la citoyennet\u00e9 active et \u00e0 l&rsquo;engagement citoyen, mettant en lumi\u00e8re le r\u00f4le essentiel des sapeurs-pompiers volontaires, les valeurs qu&rsquo;ils incarnent ainsi que les diff\u00e9rentes possibilit\u00e9s de s&rsquo;investir au service de la population,<\/p><p style=\"text-align: justify;\"><strong>4- <\/strong>une d\u00e9couverte des \u00e9preuves physiques et sportives permettant d&rsquo;acc\u00e9der au statut de sapeur-pompier volontaire, afin de sensibiliser les jeunes aux aptitudes attendues et \u00e0 l&rsquo;importance de la pr\u00e9paration physique.<\/p><p style=\"text-align: justify;\">En r\u00e9sum\u00e9, cette journ\u00e9e a pour ambition de d\u00e9velopper chez les jeunes une v\u00e9ritable culture de la pr\u00e9vention, en leur donnant les connaissances, les r\u00e9flexes et les comportements qui permettent de pr\u00e9venir les risques et d&rsquo;agir efficacement face \u00e0 une situation d&rsquo;urgence. Elle vise \u00e9galement \u00e0 encourager une citoyennet\u00e9 active, fond\u00e9e sur la responsabilit\u00e9, la solidarit\u00e9 et l&rsquo;entraide, en montrant que chacun peut contribuer \u00e0 la s\u00e9curit\u00e9 et \u00e0 la protection de tous.<\/p><p style=\"text-align: justify;\">Au-del\u00e0 de la d\u00e9couverte du monde des secours, cette initiative pourra susciter des vocations et encourager les jeunes \u00e0 s&rsquo;engager durablement comme sapeur-pompier volontaire ou dans toute autre forme d&rsquo;engagement au service de leur commune et de leurs concitoyens.<\/p>\t\t\t\t\t\t\t\t<\/div>\n\t\t\t\t<\/div>\n\t\t\n<\/div>\n\t\t<\/div>\n\t\t","protected":false},"excerpt":{"rendered":"<p>Le Conseil municipal du 8 juillet 2026 a cr\u00e9\u00e9 officiellement le Permis Citoyen Provinois +. Depuis son lancement en 2021, le permis citoyen propos\u00e9 par la Ville de Provins a aid\u00e9 pr\u00e8s de 175 jeunes Provinois \u00e0 financer une partie de leur permis de conduire. Le dispositif, qui s\u2019adresse aux 15 \u00e0 25 ans inscrits [&hellip;]<\/p>\n","protected":false},"author":2,"featured_media":111215,"comment_status":"closed","ping_status":"closed","sticky":false,"template":"","format":"standard","meta":{"footnotes":"","vk-ltc-link":"","vk-ltc-target":"","_members_access_role":[],"_members_access_error":""},"categories":[70,120],"tags":[],"class_list":["post-111212","post","type-post","status-publish","format-standard","has-post-thumbnail","category-dossier-du-mois","category-les-dossiers","czr-hentry"],"aioseo_notices":[],"aioseo_head":"\n\t\t<!-- All in One SEO 4.9.10 - aioseo.com -->\n\t<meta name=\"description\" content=\"Le Conseil municipal du 8 juillet 2026 a cr\u00e9\u00e9 officiellement le Permis Citoyen Provinois +. Depuis son lancement en 2021, le permis citoyen propos\u00e9 par la Ville de Provins a aid\u00e9 pr\u00e8s de 175 jeunes Provinois \u00e0 financer une partie de leur permis de conduire.Le dispositif, qui s\u2019adresse aux 15 \u00e0 25 ans inscrits dans\" \/>\n\t<meta name=\"robots\" content=\"max-image-preview:large\" \/>\n\t<meta name=\"author\" content=\"Patrick Hajzler\"\/>\n\t<meta name=\"google-site-verification\" content=\"0vHzmzEKorlaYGJjl_lh6kwcFzw5tER5LZRa_Buwl1w\" \/>\n\t<link rel=\"canonical\" href=\"https:\/\/mairie-provins.fr\/wp\/2026\/09\/03\/111212\/une-nouvelle-offre-le-permis-citoyen\/\" \/>\n\t<meta name=\"generator\" content=\"All in One SEO (AIOSEO) 4.9.10\" \/>\n\t\t<meta property=\"og:locale\" content=\"fr_FR\" \/>\n\t\t<meta property=\"og:site_name\" content=\"Mairie de Provins | Une nouvelle offre : le Permis Citoyen +\" \/>\n\t\t<meta property=\"og:type\" content=\"city\" \/>\n\t\t<meta property=\"og:title\" content=\"Une nouvelle offre : le Permis Citoyen + | Mairie de Provins\" \/>\n\t\t<meta property=\"og:description\" content=\"Le Conseil municipal du 8 juillet 2026 a cr\u00e9\u00e9 officiellement le Permis Citoyen Provinois +. Depuis son lancement en 2021, le permis citoyen propos\u00e9 par la Ville de Provins a aid\u00e9 pr\u00e8s de 175 jeunes Provinois \u00e0 financer une partie de leur permis de conduire.Le dispositif, qui s\u2019adresse aux 15 \u00e0 25 ans inscrits dans\" \/>\n\t\t<meta property=\"og:url\" content=\"https:\/\/mairie-provins.fr\/wp\/2026\/09\/03\/111212\/une-nouvelle-offre-le-permis-citoyen\/\" \/>\n\t\t<meta property=\"og:image\" content=\"https:\/\/mairie-provins.fr\/wp\/wp-content\/uploads\/2026\/09\/mon-pass-permis-citoyen-provinois-1200x600-1.jpg\" \/>\n\t\t<meta property=\"og:image:secure_url\" content=\"https:\/\/mairie-provins.fr\/wp\/wp-content\/uploads\/2026\/09\/mon-pass-permis-citoyen-provinois-1200x600-1.jpg\" \/>\n\t\t<meta property=\"og:image:width\" content=\"1200\" \/>\n\t\t<meta property=\"og:image:height\" content=\"600\" \/>\n\t\t<meta name=\"twitter:card\" content=\"summary_large_image\" \/>\n\t\t<meta name=\"twitter:title\" content=\"Une nouvelle offre : le Permis Citoyen + | Mairie de Provins\" \/>\n\t\t<meta name=\"twitter:description\" content=\"Le Conseil municipal du 8 juillet 2026 a cr\u00e9\u00e9 officiellement le Permis Citoyen Provinois +. Depuis son lancement en 2021, le permis citoyen propos\u00e9 par la Ville de Provins a aid\u00e9 pr\u00e8s de 175 jeunes Provinois \u00e0 financer une partie de leur permis de conduire.Le dispositif, qui s\u2019adresse aux 15 \u00e0 25 ans inscrits dans\" \/>\n\t\t<meta name=\"twitter:image\" content=\"https:\/\/mairie-provins.fr\/wp\/wp-content\/uploads\/2026\/09\/mon-pass-permis-citoyen-provinois-1200x600-1.jpg\" \/>\n\t\t<script type=\"application\/ld+json\" class=\"aioseo-schema\">\n\t\t\t{\"@context\":\"https:\\\/\\\/schema.org\",\"@graph\":[{\"@type\":\"BlogPosting\",\"@id\":\"https:\\\/\\\/mairie-provins.fr\\\/wp\\\/2026\\\/09\\\/03\\\/111212\\\/une-nouvelle-offre-le-permis-citoyen\\\/#blogposting\",\"name\":\"Une nouvelle offre : le Permis Citoyen + | Mairie de Provins\",\"headline\":\"Une nouvelle offre : le Permis Citoyen +\",\"author\":{\"@id\":\"https:\\\/\\\/mairie-provins.fr\\\/wp\\\/author\\\/patrick\\\/#author\"},\"publisher\":{\"@id\":\"https:\\\/\\\/mairie-provins.fr\\\/wp\\\/#organization\"},\"image\":{\"@type\":\"ImageObject\",\"url\":\"https:\\\/\\\/mairie-provins.fr\\\/wp\\\/wp-content\\\/uploads\\\/2026\\\/09\\\/mon-pass-permis-citoyen-provinois-1200x600-1.jpg\",\"width\":1200,\"height\":600},\"datePublished\":\"2026-09-03T10:12:13+02:00\",\"dateModified\":\"2026-09-03T11:13:18+02:00\",\"inLanguage\":\"fr-FR\",\"mainEntityOfPage\":{\"@id\":\"https:\\\/\\\/mairie-provins.fr\\\/wp\\\/2026\\\/09\\\/03\\\/111212\\\/une-nouvelle-offre-le-permis-citoyen\\\/#webpage\"},\"isPartOf\":{\"@id\":\"https:\\\/\\\/mairie-provins.fr\\\/wp\\\/2026\\\/09\\\/03\\\/111212\\\/une-nouvelle-offre-le-permis-citoyen\\\/#webpage\"},\"articleSection\":\"Le Dossier du Mois, Les Dossiers\"},{\"@type\":\"BreadcrumbList\",\"@id\":\"https:\\\/\\\/mairie-provins.fr\\\/wp\\\/2026\\\/09\\\/03\\\/111212\\\/une-nouvelle-offre-le-permis-citoyen\\\/#breadcrumblist\",\"itemListElement\":[{\"@type\":\"ListItem\",\"@id\":\"https:\\\/\\\/mairie-provins.fr\\\/wp#listItem\",\"position\":2,\"name\":\"Accueil\",\"item\":\"https:\\\/\\\/mairie-provins.fr\\\/wp\",\"nextItem\":{\"@type\":\"ListItem\",\"@id\":\"https:\\\/\\\/mairie-provins.fr\\\/wp\\\/cat\\\/les-dossiers\\\/#listItem\",\"name\":\"Les Dossiers\"},\"previousItem\":{\"@type\":\"ListItem\",\"@id\":\"#listItem\",\"name\":\"Mairie de Provins\"}},{\"@type\":\"ListItem\",\"@id\":\"https:\\\/\\\/mairie-provins.fr\\\/wp\\\/cat\\\/les-dossiers\\\/#listItem\",\"position\":3,\"name\":\"Les Dossiers\",\"item\":\"https:\\\/\\\/mairie-provins.fr\\\/wp\\\/cat\\\/les-dossiers\\\/\",\"nextItem\":{\"@type\":\"ListItem\",\"@id\":\"https:\\\/\\\/mairie-provins.fr\\\/wp\\\/cat\\\/les-dossiers\\\/dossier-du-mois\\\/#listItem\",\"name\":\"Le Dossier du Mois\"},\"previousItem\":{\"@type\":\"ListItem\",\"@id\":\"https:\\\/\\\/mairie-provins.fr\\\/wp#listItem\",\"name\":\"Accueil\"}},{\"@type\":\"ListItem\",\"@id\":\"https:\\\/\\\/mairie-provins.fr\\\/wp\\\/cat\\\/les-dossiers\\\/dossier-du-mois\\\/#listItem\",\"position\":4,\"name\":\"Le Dossier du Mois\",\"item\":\"https:\\\/\\\/mairie-provins.fr\\\/wp\\\/cat\\\/les-dossiers\\\/dossier-du-mois\\\/\",\"nextItem\":{\"@type\":\"ListItem\",\"@id\":\"https:\\\/\\\/mairie-provins.fr\\\/wp\\\/2026\\\/09\\\/03\\\/111212\\\/une-nouvelle-offre-le-permis-citoyen\\\/#listItem\",\"name\":\"Une nouvelle offre : le Permis Citoyen +\"},\"previousItem\":{\"@type\":\"ListItem\",\"@id\":\"https:\\\/\\\/mairie-provins.fr\\\/wp\\\/cat\\\/les-dossiers\\\/#listItem\",\"name\":\"Les Dossiers\"}},{\"@type\":\"ListItem\",\"@id\":\"https:\\\/\\\/mairie-provins.fr\\\/wp\\\/2026\\\/09\\\/03\\\/111212\\\/une-nouvelle-offre-le-permis-citoyen\\\/#listItem\",\"position\":5,\"name\":\"Une nouvelle offre : le Permis Citoyen +\",\"previousItem\":{\"@type\":\"ListItem\",\"@id\":\"https:\\\/\\\/mairie-provins.fr\\\/wp\\\/cat\\\/les-dossiers\\\/dossier-du-mois\\\/#listItem\",\"name\":\"Le Dossier du Mois\"}}]},{\"@type\":\"Organization\",\"@id\":\"https:\\\/\\\/mairie-provins.fr\\\/wp\\\/#organization\",\"name\":\"Mairie de Provins\",\"url\":\"https:\\\/\\\/mairie-provins.fr\\\/wp\\\/\",\"telephone\":\"+33164603838\",\"sameAs\":[\"https:\\\/\\\/www.facebook.com\\\/villeprovins\"]},{\"@type\":\"Person\",\"@id\":\"https:\\\/\\\/mairie-provins.fr\\\/wp\\\/author\\\/patrick\\\/#author\",\"url\":\"https:\\\/\\\/mairie-provins.fr\\\/wp\\\/author\\\/patrick\\\/\",\"name\":\"Patrick Hajzler\",\"image\":{\"@type\":\"ImageObject\",\"@id\":\"https:\\\/\\\/mairie-provins.fr\\\/wp\\\/2026\\\/09\\\/03\\\/111212\\\/une-nouvelle-offre-le-permis-citoyen\\\/#authorImage\",\"url\":\"https:\\\/\\\/secure.gravatar.com\\\/avatar\\\/8d4cb9909de63b80e842ed88b12053e7654f374a7f5ad603f7ec03558f526f7c?s=96&d=mm&r=g\",\"width\":96,\"height\":96,\"caption\":\"Patrick Hajzler\"}},{\"@type\":\"WebPage\",\"@id\":\"https:\\\/\\\/mairie-provins.fr\\\/wp\\\/2026\\\/09\\\/03\\\/111212\\\/une-nouvelle-offre-le-permis-citoyen\\\/#webpage\",\"url\":\"https:\\\/\\\/mairie-provins.fr\\\/wp\\\/2026\\\/09\\\/03\\\/111212\\\/une-nouvelle-offre-le-permis-citoyen\\\/\",\"name\":\"Une nouvelle offre : le Permis Citoyen + | Mairie de Provins\",\"description\":\"Le Conseil municipal du 8 juillet 2026 a cr\\u00e9\\u00e9 officiellement le Permis Citoyen Provinois +. Depuis son lancement en 2021, le permis citoyen propos\\u00e9 par la Ville de Provins a aid\\u00e9 pr\\u00e8s de 175 jeunes Provinois \\u00e0 financer une partie de leur permis de conduire.Le dispositif, qui s\\u2019adresse aux 15 \\u00e0 25 ans inscrits dans\",\"inLanguage\":\"fr-FR\",\"isPartOf\":{\"@id\":\"https:\\\/\\\/mairie-provins.fr\\\/wp\\\/#website\"},\"breadcrumb\":{\"@id\":\"https:\\\/\\\/mairie-provins.fr\\\/wp\\\/2026\\\/09\\\/03\\\/111212\\\/une-nouvelle-offre-le-permis-citoyen\\\/#breadcrumblist\"},\"author\":{\"@id\":\"https:\\\/\\\/mairie-provins.fr\\\/wp\\\/author\\\/patrick\\\/#author\"},\"creator\":{\"@id\":\"https:\\\/\\\/mairie-provins.fr\\\/wp\\\/author\\\/patrick\\\/#author\"},\"image\":{\"@type\":\"ImageObject\",\"url\":\"https:\\\/\\\/mairie-provins.fr\\\/wp\\\/wp-content\\\/uploads\\\/2026\\\/09\\\/mon-pass-permis-citoyen-provinois-1200x600-1.jpg\",\"@id\":\"https:\\\/\\\/mairie-provins.fr\\\/wp\\\/2026\\\/09\\\/03\\\/111212\\\/une-nouvelle-offre-le-permis-citoyen\\\/#mainImage\",\"width\":1200,\"height\":600},\"primaryImageOfPage\":{\"@id\":\"https:\\\/\\\/mairie-provins.fr\\\/wp\\\/2026\\\/09\\\/03\\\/111212\\\/une-nouvelle-offre-le-permis-citoyen\\\/#mainImage\"},\"datePublished\":\"2026-09-03T10:12:13+02:00\",\"dateModified\":\"2026-09-03T11:13:18+02:00\"},{\"@type\":\"WebSite\",\"@id\":\"https:\\\/\\\/mairie-provins.fr\\\/wp\\\/#website\",\"url\":\"https:\\\/\\\/mairie-provins.fr\\\/wp\\\/\",\"name\":\"Ville de Provins\",\"inLanguage\":\"fr-FR\",\"publisher\":{\"@id\":\"https:\\\/\\\/mairie-provins.fr\\\/wp\\\/#organization\"}}]}\n\t\t<\/script>\n\t\t<!-- All in One SEO -->\n\n","aioseo_head_json":{"title":"Une nouvelle offre : le Permis Citoyen + | Mairie de Provins","description":"Le Conseil municipal du 8 juillet 2026 a cr\u00e9\u00e9 officiellement le Permis Citoyen Provinois +. Depuis son lancement en 2021, le permis citoyen propos\u00e9 par la Ville de Provins a aid\u00e9 pr\u00e8s de 175 jeunes Provinois \u00e0 financer une partie de leur permis de conduire.Le dispositif, qui s\u2019adresse aux 15 \u00e0 25 ans inscrits dans","canonical_url":"https:\/\/mairie-provins.fr\/wp\/2026\/09\/03\/111212\/une-nouvelle-offre-le-permis-citoyen\/","robots":"max-image-preview:large","keywords":"","webmasterTools":{"google-site-verification":"0vHzmzEKorlaYGJjl_lh6kwcFzw5tER5LZRa_Buwl1w","miscellaneous":""},"schema":{"@context":"https:\/\/schema.org","@graph":[{"@type":"BlogPosting","@id":"https:\/\/mairie-provins.fr\/wp\/2026\/09\/03\/111212\/une-nouvelle-offre-le-permis-citoyen\/#blogposting","name":"Une nouvelle offre : le Permis Citoyen + | Mairie de Provins","headline":"Une nouvelle offre : le Permis Citoyen +","author":{"@id":"https:\/\/mairie-provins.fr\/wp\/author\/patrick\/#author"},"publisher":{"@id":"https:\/\/mairie-provins.fr\/wp\/#organization"},"image":{"@type":"ImageObject","url":"https:\/\/mairie-provins.fr\/wp\/wp-content\/uploads\/2026\/09\/mon-pass-permis-citoyen-provinois-1200x600-1.jpg","width":1200,"height":600},"datePublished":"2026-09-03T10:12:13+02:00","dateModified":"2026-09-03T11:13:18+02:00","inLanguage":"fr-FR","mainEntityOfPage":{"@id":"https:\/\/mairie-provins.fr\/wp\/2026\/09\/03\/111212\/une-nouvelle-offre-le-permis-citoyen\/#webpage"},"isPartOf":{"@id":"https:\/\/mairie-provins.fr\/wp\/2026\/09\/03\/111212\/une-nouvelle-offre-le-permis-citoyen\/#webpage"},"articleSection":"Le Dossier du Mois, Les Dossiers"},{"@type":"BreadcrumbList","@id":"https:\/\/mairie-provins.fr\/wp\/2026\/09\/03\/111212\/une-nouvelle-offre-le-permis-citoyen\/#breadcrumblist","itemListElement":[{"@type":"ListItem","@id":"https:\/\/mairie-provins.fr\/wp#listItem","position":2,"name":"Accueil","item":"https:\/\/mairie-provins.fr\/wp","nextItem":{"@type":"ListItem","@id":"https:\/\/mairie-provins.fr\/wp\/cat\/les-dossiers\/#listItem","name":"Les Dossiers"},"previousItem":{"@type":"ListItem","@id":"#listItem","name":"Mairie de Provins"}},{"@type":"ListItem","@id":"https:\/\/mairie-provins.fr\/wp\/cat\/les-dossiers\/#listItem","position":3,"name":"Les Dossiers","item":"https:\/\/mairie-provins.fr\/wp\/cat\/les-dossiers\/","nextItem":{"@type":"ListItem","@id":"https:\/\/mairie-provins.fr\/wp\/cat\/les-dossiers\/dossier-du-mois\/#listItem","name":"Le Dossier du Mois"},"previousItem":{"@type":"ListItem","@id":"https:\/\/mairie-provins.fr\/wp#listItem","name":"Accueil"}},{"@type":"ListItem","@id":"https:\/\/mairie-provins.fr\/wp\/cat\/les-dossiers\/dossier-du-mois\/#listItem","position":4,"name":"Le Dossier du Mois","item":"https:\/\/mairie-provins.fr\/wp\/cat\/les-dossiers\/dossier-du-mois\/","nextItem":{"@type":"ListItem","@id":"https:\/\/mairie-provins.fr\/wp\/2026\/09\/03\/111212\/une-nouvelle-offre-le-permis-citoyen\/#listItem","name":"Une nouvelle offre : le Permis Citoyen +"},"previousItem":{"@type":"ListItem","@id":"https:\/\/mairie-provins.fr\/wp\/cat\/les-dossiers\/#listItem","name":"Les Dossiers"}},{"@type":"ListItem","@id":"https:\/\/mairie-provins.fr\/wp\/2026\/09\/03\/111212\/une-nouvelle-offre-le-permis-citoyen\/#listItem","position":5,"name":"Une nouvelle offre : le Permis Citoyen +","previousItem":{"@type":"ListItem","@id":"https:\/\/mairie-provins.fr\/wp\/cat\/les-dossiers\/dossier-du-mois\/#listItem","name":"Le Dossier du Mois"}}]},{"@type":"Organization","@id":"https:\/\/mairie-provins.fr\/wp\/#organization","name":"Mairie de Provins","url":"https:\/\/mairie-provins.fr\/wp\/","telephone":"+33164603838","sameAs":["https:\/\/www.facebook.com\/villeprovins"]},{"@type":"Person","@id":"https:\/\/mairie-provins.fr\/wp\/author\/patrick\/#author","url":"https:\/\/mairie-provins.fr\/wp\/author\/patrick\/","name":"Patrick Hajzler","image":{"@type":"ImageObject","@id":"https:\/\/mairie-provins.fr\/wp\/2026\/09\/03\/111212\/une-nouvelle-offre-le-permis-citoyen\/#authorImage","url":"https:\/\/secure.gravatar.com\/avatar\/8d4cb9909de63b80e842ed88b12053e7654f374a7f5ad603f7ec03558f526f7c?s=96&d=mm&r=g","width":96,"height":96,"caption":"Patrick Hajzler"}},{"@type":"WebPage","@id":"https:\/\/mairie-provins.fr\/wp\/2026\/09\/03\/111212\/une-nouvelle-offre-le-permis-citoyen\/#webpage","url":"https:\/\/mairie-provins.fr\/wp\/2026\/09\/03\/111212\/une-nouvelle-offre-le-permis-citoyen\/","name":"Une nouvelle offre : le Permis Citoyen + | Mairie de Provins","description":"Le Conseil municipal du 8 juillet 2026 a cr\u00e9\u00e9 officiellement le Permis Citoyen Provinois +. Depuis son lancement en 2021, le permis citoyen propos\u00e9 par la Ville de Provins a aid\u00e9 pr\u00e8s de 175 jeunes Provinois \u00e0 financer une partie de leur permis de conduire.Le dispositif, qui s\u2019adresse aux 15 \u00e0 25 ans inscrits dans","inLanguage":"fr-FR","isPartOf":{"@id":"https:\/\/mairie-provins.fr\/wp\/#website"},"breadcrumb":{"@id":"https:\/\/mairie-provins.fr\/wp\/2026\/09\/03\/111212\/une-nouvelle-offre-le-permis-citoyen\/#breadcrumblist"},"author":{"@id":"https:\/\/mairie-provins.fr\/wp\/author\/patrick\/#author"},"creator":{"@id":"https:\/\/mairie-provins.fr\/wp\/author\/patrick\/#author"},"image":{"@type":"ImageObject","url":"https:\/\/mairie-provins.fr\/wp\/wp-content\/uploads\/2026\/09\/mon-pass-permis-citoyen-provinois-1200x600-1.jpg","@id":"https:\/\/mairie-provins.fr\/wp\/2026\/09\/03\/111212\/une-nouvelle-offre-le-permis-citoyen\/#mainImage","width":1200,"height":600},"primaryImageOfPage":{"@id":"https:\/\/mairie-provins.fr\/wp\/2026\/09\/03\/111212\/une-nouvelle-offre-le-permis-citoyen\/#mainImage"},"datePublished":"2026-09-03T10:12:13+02:00","dateModified":"2026-09-03T11:13:18+02:00"},{"@type":"WebSite","@id":"https:\/\/mairie-provins.fr\/wp\/#website","url":"https:\/\/mairie-provins.fr\/wp\/","name":"Ville de Provins","inLanguage":"fr-FR","publisher":{"@id":"https:\/\/mairie-provins.fr\/wp\/#organization"}}]},"og:locale":"fr_FR","og:site_name":"Mairie de Provins | Une nouvelle offre : le Permis Citoyen +","og:type":"city","og:title":"Une nouvelle offre : le Permis Citoyen + | Mairie de Provins","og:description":"Le Conseil municipal du 8 juillet 2026 a cr\u00e9\u00e9 officiellement le Permis Citoyen Provinois +. Depuis son lancement en 2021, le permis citoyen propos\u00e9 par la Ville de Provins a aid\u00e9 pr\u00e8s de 175 jeunes Provinois \u00e0 financer une partie de leur permis de conduire.Le dispositif, qui s\u2019adresse aux 15 \u00e0 25 ans inscrits dans","og:url":"https:\/\/mairie-provins.fr\/wp\/2026\/09\/03\/111212\/une-nouvelle-offre-le-permis-citoyen\/","og:image":"https:\/\/mairie-provins.fr\/wp\/wp-content\/uploads\/2026\/09\/mon-pass-permis-citoyen-provinois-1200x600-1.jpg","og:image:secure_url":"https:\/\/mairie-provins.fr\/wp\/wp-content\/uploads\/2026\/09\/mon-pass-permis-citoyen-provinois-1200x600-1.jpg","og:image:width":1200,"og:image:height":600,"twitter:card":"summary_large_image","twitter:title":"Une nouvelle offre : le Permis Citoyen + | Mairie de Provins","twitter:description":"Le Conseil municipal du 8 juillet 2026 a cr\u00e9\u00e9 officiellement le Permis Citoyen Provinois +. Depuis son lancement en 2021, le permis citoyen propos\u00e9 par la Ville de Provins a aid\u00e9 pr\u00e8s de 175 jeunes Provinois \u00e0 financer une partie de leur permis de conduire.Le dispositif, qui s\u2019adresse aux 15 \u00e0 25 ans inscrits dans","twitter:image":"https:\/\/mairie-provins.fr\/wp\/wp-content\/uploads\/2026\/09\/mon-pass-permis-citoyen-provinois-1200x600-1.jpg"},"aioseo_meta_data":{"post_id":"111212","title":null,"description":null,"keywords":null,"keyphrases":{"focus":{"keyphrase":"","score":0,"analysis":{"keyphraseInTitle":{"score":0,"maxScore":9,"error":1}}},"additional":[]},"primary_term":null,"canonical_url":null,"og_title":null,"og_description":null,"og_object_type":"default","og_image_type":"default","og_image_url":null,"og_image_width":null,"og_image_height":null,"og_image_custom_url":null,"og_image_custom_fields":null,"og_video":"","og_custom_url":null,"og_article_section":null,"og_article_tags":null,"twitter_use_og":false,"twitter_card":"default","twitter_image_type":"default","twitter_image_url":null,"twitter_image_custom_url":null,"twitter_image_custom_fields":null,"twitter_title":null,"twitter_description":null,"schema":{"blockGraphs":[],"customGraphs":[],"default":{"data":{"Article":[],"Course":[],"Dataset":[],"FAQPage":[],"Movie":[],"Person":[],"Product":[],"ProductReview":[],"Car":[],"Recipe":[],"Service":[],"SoftwareApplication":[],"WebPage":[]},"graphName":"BlogPosting","isEnabled":true},"graphs":[]},"schema_type":"default","schema_type_options":null,"pillar_content":false,"robots_default":true,"robots_noindex":false,"robots_noarchive":false,"robots_nosnippet":false,"robots_nofollow":false,"robots_noimageindex":false,"robots_noodp":false,"robots_notranslate":false,"robots_max_snippet":"-1","robots_max_videopreview":"-1","robots_max_imagepreview":"large","priority":null,"frequency":"default","local_seo":null,"breadcrumb_settings":null,"limit_modified_date":false,"ai":{"faqs":[],"keyPoints":[],"schemas":[],"titles":[],"descriptions":[],"socialPosts":{"email":{"subject":"","preview":"","content":""},"linkedin":[],"twitter":[],"facebook":[],"instagram":[]}},"created":"2026-09-03 08:12:15","updated":"2026-09-03 09:46:40","seo_analyzer_scan_date":null},"aioseo_breadcrumb":"<div class=\"aioseo-breadcrumbs\"><span class=\"aioseo-breadcrumb\">\n\t\t\tMairie de Provins\n\t\t<\/span><span class=\"aioseo-breadcrumb-separator\">\u00bb<\/span><span class=\"aioseo-breadcrumb\">\n\t\t\t<a href=\"https:\/\/mairie-provins.fr\/wp\" title=\"Accueil\">Accueil<\/a>\n\t\t<\/span><span class=\"aioseo-breadcrumb-separator\">\u00bb<\/span><span class=\"aioseo-breadcrumb\">\n\t\t\t<a href=\"https:\/\/mairie-provins.fr\/wp\/cat\/les-dossiers\/\" title=\"Les Dossiers\">Les Dossiers<\/a>\n\t\t<\/span><span class=\"aioseo-breadcrumb-separator\">\u00bb<\/span><span class=\"aioseo-breadcrumb\">\n\t\t\t<a href=\"https:\/\/mairie-provins.fr\/wp\/cat\/les-dossiers\/dossier-du-mois\/\" title=\"Le Dossier du Mois\">Le Dossier du Mois<\/a>\n\t\t<\/span><span class=\"aioseo-breadcrumb-separator\">\u00bb<\/span><span class=\"aioseo-breadcrumb\">\n\t\t\tUne nouvelle offre : le Permis Citoyen +\n\t\t<\/span><\/div>","aioseo_breadcrumb_json":[{"label":"Mairie de Provins","link":""},{"label":"Accueil","link":"https:\/\/mairie-provins.fr\/wp"},{"label":"Les Dossiers","link":"https:\/\/mairie-provins.fr\/wp\/cat\/les-dossiers\/"},{"label":"Le Dossier du Mois","link":"https:\/\/mairie-provins.fr\/wp\/cat\/les-dossiers\/dossier-du-mois\/"},{"label":"Une nouvelle offre : le Permis Citoyen +","link":"https:\/\/mairie-provins.fr\/wp\/2026\/09\/03\/111212\/une-nouvelle-offre-le-permis-citoyen\/"}],"publishpress_future_action":{"enabled":false,"date":"2026-09-10 13:44:30","action":"change-status","newStatus":"draft","terms":[],"taxonomy":"category","extraData":[]},"publishpress_future_workflow_manual_trigger":{"enabledWorkflows":[]},"_links":{"self":[{"href":"https:\/\/mairie-provins.fr\/wp\/wp-json\/wp\/v2\/posts\/111212","targetHints":{"allow":["GET"]}}],"collection":[{"href":"https:\/\/mairie-provins.fr\/wp\/wp-json\/wp\/v2\/posts"}],"about":[{"href":"https:\/\/mairie-provins.fr\/wp\/wp-json\/wp\/v2\/types\/post"}],"author":[{"embeddable":true,"href":"https:\/\/mairie-provins.fr\/wp\/wp-json\/wp\/v2\/users\/2"}],"replies":[{"embeddable":true,"href":"https:\/\/mairie-provins.fr\/wp\/wp-json\/wp\/v2\/comments?post=111212"}],"version-history":[{"count":16,"href":"https:\/\/mairie-provins.fr\/wp\/wp-json\/wp\/v2\/posts\/111212\/revisions"}],"predecessor-version":[{"id":111237,"href":"https:\/\/mairie-provins.fr\/wp\/wp-json\/wp\/v2\/posts\/111212\/revisions\/111237"}],"wp:featuredmedia":[{"embeddable":true,"href":"https:\/\/mairie-provins.fr\/wp\/wp-json\/wp\/v2\/media\/111215"}],"wp:attachment":[{"href":"https:\/\/mairie-provins.fr\/wp\/wp-json\/wp\/v2\/media?parent=111212"}],"wp:term":[{"taxonomy":"category","embeddable":true,"href":"https:\/\/mairie-provins.fr\/wp\/wp-json\/wp\/v2\/categories?post=111212"},{"taxonomy":"post_tag","embeddable":true,"href":"https:\/\/mairie-provins.fr\/wp\/wp-json\/wp\/v2\/tags?post=111212"}],"curies":[{"name":"wp","href":"https:\/\/api.w.org\/{rel}","templated":true}]}}