{"id":3833,"date":"2022-02-02T12:55:59","date_gmt":"2022-02-02T12:55:59","guid":{"rendered":"https:\/\/mairie-provins.fr\/wp\/?p=3833"},"modified":"2026-02-18T11:44:40","modified_gmt":"2026-02-18T09:44:40","slug":"vos-demarches","status":"publish","type":"post","link":"https:\/\/mairie-provins.fr\/wp\/2022\/02\/02\/3833\/vos-demarches\/","title":{"rendered":"Vos d\u00e9marches"},"content":{"rendered":"\t\t<div data-elementor-type=\"wp-post\" data-elementor-id=\"3833\" class=\"elementor elementor-3833\">\n\t\t\t\t\t\t<section class=\"has_eae_slider elementor-section elementor-top-section elementor-element elementor-element-fa1d56e elementor-section-boxed elementor-section-height-default elementor-section-height-default\" data-eae-slider=\"71899\" data-id=\"fa1d56e\" data-element_type=\"section\">\n\t\t\t\t\t\t<div class=\"elementor-container elementor-column-gap-default\">\n\t\t\t\t\t<div class=\"has_eae_slider elementor-column elementor-col-100 elementor-top-column elementor-element elementor-element-e2e67e9\" data-eae-slider=\"14732\" data-id=\"e2e67e9\" data-element_type=\"column\">\n\t\t\t<div class=\"elementor-widget-wrap elementor-element-populated\">\n\t\t\t\t\t\t<div class=\"elementor-element elementor-element-6db5540 elementor-widget elementor-widget-image\" data-id=\"6db5540\" data-element_type=\"widget\" data-widget_type=\"image.default\">\n\t\t\t\t<div class=\"elementor-widget-container\">\n\t\t\t\t\t\t\t\t\t\t\t\t\t\t\t\t<a href=\"https:\/\/timbres.impots.gouv.fr\/\" target=\"_blank\">\n\t\t\t\t\t\t\t<img fetchpriority=\"high\" decoding=\"async\" width=\"728\" height=\"90\" src=\"https:\/\/mairie-provins.fr\/wp\/wp-content\/uploads\/2022\/02\/timbres_fiscaux_728x90.gif\" class=\"attachment-full size-full wp-image-3836 no-lazy\" alt=\"\" \/>\t\t\t\t\t\t\t\t<\/a>\n\t\t\t\t\t\t\t\t\t\t\t\t\t\t\t<\/div>\n\t\t\t\t<\/div>\n\t\t\t\t\t<\/div>\n\t\t<\/div>\n\t\t\t\t\t<\/div>\n\t\t<\/section>\n\t\t\t\t<section class=\"has_eae_slider elementor-section elementor-top-section elementor-element elementor-element-cbb3c00 elementor-section-boxed elementor-section-height-default elementor-section-height-default\" data-eae-slider=\"11525\" data-id=\"cbb3c00\" data-element_type=\"section\">\n\t\t\t\t\t\t<div class=\"elementor-container elementor-column-gap-default\">\n\t\t\t\t\t<div class=\"has_eae_slider elementor-column elementor-col-100 elementor-top-column elementor-element elementor-element-16a28a4\" data-eae-slider=\"37174\" data-id=\"16a28a4\" data-element_type=\"column\">\n\t\t\t<div class=\"elementor-widget-wrap elementor-element-populated\">\n\t\t\t\t\t\t<div class=\"elementor-element elementor-element-1025a60 elementor-widget elementor-widget-heading\" data-id=\"1025a60\" data-element_type=\"widget\" data-widget_type=\"heading.default\">\n\t\t\t\t<div class=\"elementor-widget-container\">\n\t\t\t\t\t<h5 class=\"elementor-heading-title elementor-size-default\">PI\u00c8CES D'IDENTIT\u00c9<\/h5>\t\t\t\t<\/div>\n\t\t\t\t<\/div>\n\t\t\t\t<div class=\"elementor-element elementor-element-e6a4989 elementor-widget-divider--view-line elementor-widget elementor-widget-divider\" data-id=\"e6a4989\" data-element_type=\"widget\" data-widget_type=\"divider.default\">\n\t\t\t\t<div class=\"elementor-widget-container\">\n\t\t\t\t\t\t\t<div class=\"elementor-divider\">\n\t\t\t<span class=\"elementor-divider-separator\">\n\t\t\t\t\t\t<\/span>\n\t\t<\/div>\n\t\t\t\t\t\t<\/div>\n\t\t\t\t<\/div>\n\t\t\t\t\t<\/div>\n\t\t<\/div>\n\t\t\t\t\t<\/div>\n\t\t<\/section>\n\t\t\t\t<section class=\"has_eae_slider elementor-section elementor-top-section elementor-element elementor-element-93dfb76 elementor-section-boxed elementor-section-height-default elementor-section-height-default\" data-eae-slider=\"249\" data-id=\"93dfb76\" data-element_type=\"section\">\n\t\t\t\t\t\t<div class=\"elementor-container elementor-column-gap-default\">\n\t\t\t\t\t<div class=\"has_eae_slider elementor-column elementor-col-50 elementor-top-column elementor-element elementor-element-2aaa94e\" data-eae-slider=\"97199\" data-id=\"2aaa94e\" data-element_type=\"column\">\n\t\t\t<div class=\"elementor-widget-wrap elementor-element-populated\">\n\t\t\t\t\t\t<div class=\"elementor-element elementor-element-e75975c elementor-widget elementor-widget-heading\" data-id=\"e75975c\" data-element_type=\"widget\" data-widget_type=\"heading.default\">\n\t\t\t\t<div class=\"elementor-widget-container\">\n\t\t\t\t\t<h5 class=\"elementor-heading-title elementor-size-default\">Carte nationale d\u2019identit\u00e9 s\u00e9curis\u00e9e<\/h5>\t\t\t\t<\/div>\n\t\t\t\t<\/div>\n\t\t\t\t<div class=\"elementor-element elementor-element-0e20aa7 elementor-widget elementor-widget-text-editor\" data-id=\"0e20aa7\" data-element_type=\"widget\" data-widget_type=\"text-editor.default\">\n\t\t\t\t<div class=\"elementor-widget-container\">\n\t\t\t\t\t\t\t\t\t<p style=\"text-align: center\"><span style=\"color: #ffffff\">Pour votre carte d&rsquo;identit\u00e9, <br \/>vous devez prendre rendez-vous <\/span><span id=\"u141928-4\"><a class=\"nonblock\" href=\"https:\/\/www.rdv360.com\/mairie-de-provins\" target=\"_blank\" rel=\"noopener\"><span style=\"color: #ffffff\"><span style=\"text-decoration: underline;color: #ffff99\">sur ce site<\/span><\/span><\/a><\/span><\/p>\t\t\t\t\t\t\t\t<\/div>\n\t\t\t\t<\/div>\n\t\t\t\t<div class=\"elementor-element elementor-element-9f5f9ba elementor-widget elementor-widget-toggle\" data-id=\"9f5f9ba\" data-element_type=\"widget\" data-widget_type=\"toggle.default\">\n\t\t\t\t<div class=\"elementor-widget-container\">\n\t\t\t\t\t\t\t<div class=\"elementor-toggle\">\n\t\t\t\t\t\t\t<div class=\"elementor-toggle-item\">\n\t\t\t\t\t<div id=\"elementor-tab-title-1671\" class=\"elementor-tab-title\" data-tab=\"1\" role=\"button\" aria-controls=\"elementor-tab-content-1671\" aria-expanded=\"false\">\n\t\t\t\t\t\t\t\t\t\t\t\t<span class=\"elementor-toggle-icon elementor-toggle-icon-right\" aria-hidden=\"true\">\n\t\t\t\t\t\t\t\t\t\t\t\t\t\t\t<span class=\"elementor-toggle-icon-closed\"><i class=\"fas fa-caret-down\"><\/i><\/span>\n\t\t\t\t\t\t\t\t<span class=\"elementor-toggle-icon-opened\"><i class=\"elementor-toggle-icon-opened fas fa-caret-up\"><\/i><\/span>\n\t\t\t\t\t\t\t\t\t\t\t\t\t<\/span>\n\t\t\t\t\t\t\t\t\t\t\t\t<a class=\"elementor-toggle-title\" tabindex=\"0\">Pi\u00e8ces \u00e0 fournir<\/a>\n\t\t\t\t\t<\/div>\n\n\t\t\t\t\t<div id=\"elementor-tab-content-1671\" class=\"elementor-tab-content elementor-clearfix\" data-tab=\"1\" role=\"region\" aria-labelledby=\"elementor-tab-title-1671\"><ul id=\"u25012-16\" class=\"list0 nls-None\" style=\"list-style-type: disc;\"><li class=\"Txt\" style=\"text-align: justify;\">Copie recto\/verso de la carte d\u2019identit\u00e9<\/li><li id=\"u25012-9\" class=\"Txt\" style=\"text-align: justify;\">2 photos d\u2019identit\u00e9 couleur fond clair non d\u00e9coup\u00e9es<\/li><li id=\"u25012-11\" class=\"Txt\" style=\"text-align: justify;\">Copie d\u2019un justificatif de domicile de moins de 3 mois avec nom et pr\u00e9nom<\/li><li id=\"u25012-13\" class=\"Txt\" style=\"text-align: justify;\">Si la carte est p\u00e9rim\u00e9e ou perdue : acte int\u00e9gral de naissance de moins de 3 mois<\/li><li id=\"u25012-15\" class=\"Txt\" style=\"text-align: justify;\">Femme mari\u00e9e : copie de la page de mariage du livret de famille<\/li><\/ul><\/div>\n\t\t\t\t<\/div>\n\t\t\t\t\t\t\t<div class=\"elementor-toggle-item\">\n\t\t\t\t\t<div id=\"elementor-tab-title-1672\" class=\"elementor-tab-title\" data-tab=\"2\" role=\"button\" aria-controls=\"elementor-tab-content-1672\" aria-expanded=\"false\">\n\t\t\t\t\t\t\t\t\t\t\t\t<span class=\"elementor-toggle-icon elementor-toggle-icon-right\" aria-hidden=\"true\">\n\t\t\t\t\t\t\t\t\t\t\t\t\t\t\t<span class=\"elementor-toggle-icon-closed\"><i class=\"fas fa-caret-down\"><\/i><\/span>\n\t\t\t\t\t\t\t\t<span class=\"elementor-toggle-icon-opened\"><i class=\"elementor-toggle-icon-opened fas fa-caret-up\"><\/i><\/span>\n\t\t\t\t\t\t\t\t\t\t\t\t\t<\/span>\n\t\t\t\t\t\t\t\t\t\t\t\t<a class=\"elementor-toggle-title\" tabindex=\"0\">Pour les mineurs<\/a>\n\t\t\t\t\t<\/div>\n\n\t\t\t\t\t<div id=\"elementor-tab-content-1672\" class=\"elementor-tab-content elementor-clearfix\" data-tab=\"2\" role=\"region\" aria-labelledby=\"elementor-tab-title-1672\"><p class=\"Txt\">Pr\u00e9sence obligatoire d\u2019un parent :<\/p><ul id=\"u25012-34\" class=\"list0 nls-None\" style=\"list-style-type: disc;\"><li id=\"u25012-21\" class=\"Txt\" style=\"text-align: justify;\">2 photos d\u2019identit\u00e9 couleur fond clair non d\u00e9coup\u00e9es<\/li><li id=\"u25012-23\" class=\"Txt\" style=\"text-align: justify;\">Copie de la pi\u00e8ce d\u2019identit\u00e9 du parent pr\u00e9sent<\/li><li id=\"u25012-25\" class=\"Txt\" style=\"text-align: justify;\">Acte int\u00e9gral de naissance ou copie de la carte d\u2019identit\u00e9 de l\u2019enfant s\u2019il en poss\u00e8de une<\/li><li id=\"u25012-27\" class=\"Txt\" style=\"text-align: justify;\">Copie du livret de famille<\/li><li id=\"u25012-29\" class=\"Txt\" style=\"text-align: justify;\">\u00a0Copie d\u2019un justificatif de domicile des parents de moins de 3 mois<\/li><li id=\"u25012-31\" class=\"Txt\" style=\"text-align: justify;\">Parents divorc\u00e9s : copie du jugement<\/li><li id=\"u25012-33\" class=\"Txt\" style=\"text-align: justify;\">Parents s\u00e9par\u00e9s : copie du jugement du juge aux affaires familiales.<\/li><\/ul><\/div>\n\t\t\t\t<\/div>\n\t\t\t\t\t\t\t<div class=\"elementor-toggle-item\">\n\t\t\t\t\t<div id=\"elementor-tab-title-1673\" class=\"elementor-tab-title\" data-tab=\"3\" role=\"button\" aria-controls=\"elementor-tab-content-1673\" aria-expanded=\"false\">\n\t\t\t\t\t\t\t\t\t\t\t\t<span class=\"elementor-toggle-icon elementor-toggle-icon-right\" aria-hidden=\"true\">\n\t\t\t\t\t\t\t\t\t\t\t\t\t\t\t<span class=\"elementor-toggle-icon-closed\"><i class=\"fas fa-caret-down\"><\/i><\/span>\n\t\t\t\t\t\t\t\t<span class=\"elementor-toggle-icon-opened\"><i class=\"elementor-toggle-icon-opened fas fa-caret-up\"><\/i><\/span>\n\t\t\t\t\t\t\t\t\t\t\t\t\t<\/span>\n\t\t\t\t\t\t\t\t\t\t\t\t<a class=\"elementor-toggle-title\" tabindex=\"0\">Pour les personnes n\u00e9es \u00e0 l\u2019\u00e9tranger<\/a>\n\t\t\t\t\t<\/div>\n\n\t\t\t\t\t<div id=\"elementor-tab-content-1673\" class=\"elementor-tab-content elementor-clearfix\" data-tab=\"3\" role=\"region\" aria-labelledby=\"elementor-tab-title-1673\"><p style=\"text-align: justify;\">&#8230;ou de parents \u00e9trangers : justificatif de nationalit\u00e9 fran\u00e7aise.<\/p><\/div>\n\t\t\t\t<\/div>\n\t\t\t\t\t\t\t<div class=\"elementor-toggle-item\">\n\t\t\t\t\t<div id=\"elementor-tab-title-1674\" class=\"elementor-tab-title\" data-tab=\"4\" role=\"button\" aria-controls=\"elementor-tab-content-1674\" aria-expanded=\"false\">\n\t\t\t\t\t\t\t\t\t\t\t\t<span class=\"elementor-toggle-icon elementor-toggle-icon-right\" aria-hidden=\"true\">\n\t\t\t\t\t\t\t\t\t\t\t\t\t\t\t<span class=\"elementor-toggle-icon-closed\"><i class=\"fas fa-caret-down\"><\/i><\/span>\n\t\t\t\t\t\t\t\t<span class=\"elementor-toggle-icon-opened\"><i class=\"elementor-toggle-icon-opened fas fa-caret-up\"><\/i><\/span>\n\t\t\t\t\t\t\t\t\t\t\t\t\t<\/span>\n\t\t\t\t\t\t\t\t\t\t\t\t<a class=\"elementor-toggle-title\" tabindex=\"0\">En cas de perte<\/a>\n\t\t\t\t\t<\/div>\n\n\t\t\t\t\t<div id=\"elementor-tab-content-1674\" class=\"elementor-tab-content elementor-clearfix\" data-tab=\"4\" role=\"region\" aria-labelledby=\"elementor-tab-title-1674\"><p style=\"text-align: justify;\">Fournir 25 \u20ac de timbres fiscaux + d\u00e9claration de perte \u00e9tablie par la mairie du domicile lors de l\u2019\u00e9tablissement du nouveau dossier + copie d\u2019un permis de conduire ou de chasse ou du passeport (si vous ne poss\u00e9dez aucun de ces documents, fournir une attestation \u00e9crite par vos soins pr\u00e9cisant que vous n\u2019en avez pas)<\/p><\/div>\n\t\t\t\t<\/div>\n\t\t\t\t\t\t\t<div class=\"elementor-toggle-item\">\n\t\t\t\t\t<div id=\"elementor-tab-title-1675\" class=\"elementor-tab-title\" data-tab=\"5\" role=\"button\" aria-controls=\"elementor-tab-content-1675\" aria-expanded=\"false\">\n\t\t\t\t\t\t\t\t\t\t\t\t<span class=\"elementor-toggle-icon elementor-toggle-icon-right\" aria-hidden=\"true\">\n\t\t\t\t\t\t\t\t\t\t\t\t\t\t\t<span class=\"elementor-toggle-icon-closed\"><i class=\"fas fa-caret-down\"><\/i><\/span>\n\t\t\t\t\t\t\t\t<span class=\"elementor-toggle-icon-opened\"><i class=\"elementor-toggle-icon-opened fas fa-caret-up\"><\/i><\/span>\n\t\t\t\t\t\t\t\t\t\t\t\t\t<\/span>\n\t\t\t\t\t\t\t\t\t\t\t\t<a class=\"elementor-toggle-title\" tabindex=\"0\">En cas de vol<\/a>\n\t\t\t\t\t<\/div>\n\n\t\t\t\t\t<div id=\"elementor-tab-content-1675\" class=\"elementor-tab-content elementor-clearfix\" data-tab=\"5\" role=\"region\" aria-labelledby=\"elementor-tab-title-1675\"><p id=\"u25012-43\" class=\"Txt\" style=\"text-align: justify;\">Faire la d\u00e9claration au commissariat de police ou \u00e0 la gendarmerie + 25 \u20ac de timbres fiscaux<\/p><p class=\"Txt\" style=\"text-align: justify;\">Si les justificatifs ne sont pas au nom du demandeur :<\/p><ul id=\"u25012-52\" class=\"list0 nls-None\" style=\"list-style-type: disc;\"><li id=\"u25012-47\" class=\"Txt\" style=\"text-align: justify;\">Attestation de l\u2019h\u00e9bergeant<\/li><li id=\"u25012-49\" class=\"Txt\" style=\"text-align: justify;\">Copie de sa carte d\u2019identit\u00e9<\/li><li id=\"u25012-51\" class=\"Txt\" style=\"text-align: justify;\">Photocopie de son justificatif de domicile (idem pour les majeurs logeant encore chez leurs parents)<\/li><\/ul><\/div>\n\t\t\t\t<\/div>\n\t\t\t\t\t\t\t\t<\/div>\n\t\t\t\t\t\t<\/div>\n\t\t\t\t<\/div>\n\t\t\t\t\t<\/div>\n\t\t<\/div>\n\t\t\t\t<div class=\"has_eae_slider elementor-column elementor-col-50 elementor-top-column elementor-element elementor-element-95a55ef\" data-eae-slider=\"98124\" data-id=\"95a55ef\" data-element_type=\"column\">\n\t\t\t<div class=\"elementor-widget-wrap elementor-element-populated\">\n\t\t\t\t\t\t<div class=\"elementor-element elementor-element-1400d4d elementor-widget elementor-widget-heading\" data-id=\"1400d4d\" data-element_type=\"widget\" data-widget_type=\"heading.default\">\n\t\t\t\t<div class=\"elementor-widget-container\">\n\t\t\t\t\t<h5 class=\"elementor-heading-title elementor-size-default\">Passeport<\/h5>\t\t\t\t<\/div>\n\t\t\t\t<\/div>\n\t\t\t\t<div class=\"elementor-element elementor-element-9a3396f elementor-widget elementor-widget-text-editor\" data-id=\"9a3396f\" data-element_type=\"widget\" data-widget_type=\"text-editor.default\">\n\t\t\t\t<div class=\"elementor-widget-container\">\n\t\t\t\t\t\t\t\t\t<p id=\"u25014-2\" class=\"Txt-h2\" style=\"text-align: center\"><span style=\"color: #ffffff\">Pour votre passeport,<br \/>vous devez prendre rendez-vous <\/span><span id=\"u141931-4\"><a class=\"nonblock\" href=\"https:\/\/www.rdv360.com\/mairie-de-provins\" target=\"_blank\" rel=\"noopener\"><span style=\"text-decoration: underline;color: #ffff99\">sur ce site<\/span><\/a><\/span><\/p>\t\t\t\t\t\t\t\t<\/div>\n\t\t\t\t<\/div>\n\t\t\t\t<div class=\"elementor-element elementor-element-b5941f5 elementor-widget elementor-widget-toggle\" data-id=\"b5941f5\" data-element_type=\"widget\" data-widget_type=\"toggle.default\">\n\t\t\t\t<div class=\"elementor-widget-container\">\n\t\t\t\t\t\t\t<div class=\"elementor-toggle\">\n\t\t\t\t\t\t\t<div class=\"elementor-toggle-item\">\n\t\t\t\t\t<div id=\"elementor-tab-title-1901\" class=\"elementor-tab-title\" data-tab=\"1\" role=\"button\" aria-controls=\"elementor-tab-content-1901\" aria-expanded=\"false\">\n\t\t\t\t\t\t\t\t\t\t\t\t<span class=\"elementor-toggle-icon elementor-toggle-icon-right\" aria-hidden=\"true\">\n\t\t\t\t\t\t\t\t\t\t\t\t\t\t\t<span class=\"elementor-toggle-icon-closed\"><i class=\"fas fa-caret-down\"><\/i><\/span>\n\t\t\t\t\t\t\t\t<span class=\"elementor-toggle-icon-opened\"><i class=\"elementor-toggle-icon-opened fas fa-caret-up\"><\/i><\/span>\n\t\t\t\t\t\t\t\t\t\t\t\t\t<\/span>\n\t\t\t\t\t\t\t\t\t\t\t\t<a class=\"elementor-toggle-title\" tabindex=\"0\">Personne majeure<\/a>\n\t\t\t\t\t<\/div>\n\n\t\t\t\t\t<div id=\"elementor-tab-content-1901\" class=\"elementor-tab-content elementor-clearfix\" data-tab=\"1\" role=\"region\" aria-labelledby=\"elementor-tab-title-1901\"><ul id=\"u25014-19\" class=\"list0 nls-None\" style=\"list-style-type: disc;\"><li id=\"u25014-10\" class=\"Txt\" style=\"text-align: justify;\">2 photos d\u2019identit\u00e9 couleur (3,5 x 4,5 cm)<\/li><li id=\"u25014-12\" class=\"Txt\" style=\"text-align: justify;\">Acte int\u00e9gral de naissance ou copie de la carte d\u2019identit\u00e9 nationale ou du pr\u00e9c\u00e9dent passeport<\/li><li id=\"u25014-14\" class=\"Txt\" style=\"text-align: justify;\">Preuve de nationalit\u00e9 fran\u00e7aise pour les personnes n\u00e9es \u00e0 l\u2019\u00e9tranger ou de parents \u00e9trangers<\/li><li id=\"u25014-16\" class=\"Txt\" style=\"text-align: justify;\">Justificatif de domicile r\u00e9cent avec nom et pr\u00e9nom<\/li><li id=\"u25014-18\" class=\"Txt\" style=\"text-align: justify;\">86 \u20ac de timbres fiscaux<\/li><\/ul><\/div>\n\t\t\t\t<\/div>\n\t\t\t\t\t\t\t<div class=\"elementor-toggle-item\">\n\t\t\t\t\t<div id=\"elementor-tab-title-1902\" class=\"elementor-tab-title\" data-tab=\"2\" role=\"button\" aria-controls=\"elementor-tab-content-1902\" aria-expanded=\"false\">\n\t\t\t\t\t\t\t\t\t\t\t\t<span class=\"elementor-toggle-icon elementor-toggle-icon-right\" aria-hidden=\"true\">\n\t\t\t\t\t\t\t\t\t\t\t\t\t\t\t<span class=\"elementor-toggle-icon-closed\"><i class=\"fas fa-caret-down\"><\/i><\/span>\n\t\t\t\t\t\t\t\t<span class=\"elementor-toggle-icon-opened\"><i class=\"elementor-toggle-icon-opened fas fa-caret-up\"><\/i><\/span>\n\t\t\t\t\t\t\t\t\t\t\t\t\t<\/span>\n\t\t\t\t\t\t\t\t\t\t\t\t<a class=\"elementor-toggle-title\" tabindex=\"0\">Personne mineure<\/a>\n\t\t\t\t\t<\/div>\n\n\t\t\t\t\t<div id=\"elementor-tab-content-1902\" class=\"elementor-tab-content elementor-clearfix\" data-tab=\"2\" role=\"region\" aria-labelledby=\"elementor-tab-title-1902\"><p class=\"Txt\" style=\"text-align: justify;\">(la pr\u00e9sence de l&rsquo;enfant est obligatoire)\u00a0<\/p><ul id=\"u25014-31\" class=\"list0 nls-None\"><li id=\"u25014-24\" class=\"Txt\">Fournir les m\u00eames documents que pour une personne majeure (cf. ci-dessus)<\/li><li id=\"u25014-26\" class=\"Txt\">Timbre fiscal de 17 \u20ac pour les enfants de moins de 15 ans et 42 \u20ac pour les 15\/18 ans<\/li><li id=\"u25014-28\" class=\"Txt\">Copie du livret de famille<\/li><li id=\"u25014-30\" class=\"Txt\">Copie d\u2019une pi\u00e8ce d\u2019identit\u00e9 du repr\u00e9sentant l\u00e9gal et de l\u2019enfant s\u2019il en poss\u00e8de une.<\/li><\/ul><\/div>\n\t\t\t\t<\/div>\n\t\t\t\t\t\t\t<div class=\"elementor-toggle-item\">\n\t\t\t\t\t<div id=\"elementor-tab-title-1903\" class=\"elementor-tab-title\" data-tab=\"3\" role=\"button\" aria-controls=\"elementor-tab-content-1903\" aria-expanded=\"false\">\n\t\t\t\t\t\t\t\t\t\t\t\t<span class=\"elementor-toggle-icon elementor-toggle-icon-right\" aria-hidden=\"true\">\n\t\t\t\t\t\t\t\t\t\t\t\t\t\t\t<span class=\"elementor-toggle-icon-closed\"><i class=\"fas fa-caret-down\"><\/i><\/span>\n\t\t\t\t\t\t\t\t<span class=\"elementor-toggle-icon-opened\"><i class=\"elementor-toggle-icon-opened fas fa-caret-up\"><\/i><\/span>\n\t\t\t\t\t\t\t\t\t\t\t\t\t<\/span>\n\t\t\t\t\t\t\t\t\t\t\t\t<a class=\"elementor-toggle-title\" tabindex=\"0\">Renouvellement<\/a>\n\t\t\t\t\t<\/div>\n\n\t\t\t\t\t<div id=\"elementor-tab-content-1903\" class=\"elementor-tab-content elementor-clearfix\" data-tab=\"3\" role=\"region\" aria-labelledby=\"elementor-tab-title-1903\"><ul><li>Copie du pr\u00e9c\u00e9dent passeport<\/li><\/ul><\/div>\n\t\t\t\t<\/div>\n\t\t\t\t\t\t\t<div class=\"elementor-toggle-item\">\n\t\t\t\t\t<div id=\"elementor-tab-title-1904\" class=\"elementor-tab-title\" data-tab=\"4\" role=\"button\" aria-controls=\"elementor-tab-content-1904\" aria-expanded=\"false\">\n\t\t\t\t\t\t\t\t\t\t\t\t<span class=\"elementor-toggle-icon elementor-toggle-icon-right\" aria-hidden=\"true\">\n\t\t\t\t\t\t\t\t\t\t\t\t\t\t\t<span class=\"elementor-toggle-icon-closed\"><i class=\"fas fa-caret-down\"><\/i><\/span>\n\t\t\t\t\t\t\t\t<span class=\"elementor-toggle-icon-opened\"><i class=\"elementor-toggle-icon-opened fas fa-caret-up\"><\/i><\/span>\n\t\t\t\t\t\t\t\t\t\t\t\t\t<\/span>\n\t\t\t\t\t\t\t\t\t\t\t\t<a class=\"elementor-toggle-title\" tabindex=\"0\">Ressortissants \u00e9trangers<\/a>\n\t\t\t\t\t<\/div>\n\n\t\t\t\t\t<div id=\"elementor-tab-content-1904\" class=\"elementor-tab-content elementor-clearfix\" data-tab=\"4\" role=\"region\" aria-labelledby=\"elementor-tab-title-1904\"><ul id=\"u25014-49\" class=\"list0 nls-None\"><li id=\"u25014-42\" class=\"Txt\">Carte de s\u00e9jour<\/li><li id=\"u25014-44\" class=\"Txt\">R\u00e9c\u00e9piss\u00e9 provisoire<\/li><li id=\"u25014-46\" class=\"Txt\">Carte de travail,<\/li><li id=\"u25014-48\" class=\"Txt\">Demande de naturalisation<\/li><\/ul><\/div>\n\t\t\t\t<\/div>\n\t\t\t\t\t\t\t<div class=\"elementor-toggle-item\">\n\t\t\t\t\t<div id=\"elementor-tab-title-1905\" class=\"elementor-tab-title\" data-tab=\"5\" role=\"button\" aria-controls=\"elementor-tab-content-1905\" aria-expanded=\"false\">\n\t\t\t\t\t\t\t\t\t\t\t\t<span class=\"elementor-toggle-icon elementor-toggle-icon-right\" aria-hidden=\"true\">\n\t\t\t\t\t\t\t\t\t\t\t\t\t\t\t<span class=\"elementor-toggle-icon-closed\"><i class=\"fas fa-caret-down\"><\/i><\/span>\n\t\t\t\t\t\t\t\t<span class=\"elementor-toggle-icon-opened\"><i class=\"elementor-toggle-icon-opened fas fa-caret-up\"><\/i><\/span>\n\t\t\t\t\t\t\t\t\t\t\t\t\t<\/span>\n\t\t\t\t\t\t\t\t\t\t\t\t<a class=\"elementor-toggle-title\" tabindex=\"0\">En cas de vol<\/a>\n\t\t\t\t\t<\/div>\n\n\t\t\t\t\t<div id=\"elementor-tab-content-1905\" class=\"elementor-tab-content elementor-clearfix\" data-tab=\"5\" role=\"region\" aria-labelledby=\"elementor-tab-title-1905\"><p>Faire la d\u00e9claration au commissariat de police ou \u00e0 la gendarmerie<\/p><\/div>\n\t\t\t\t<\/div>\n\t\t\t\t\t\t\t<div class=\"elementor-toggle-item\">\n\t\t\t\t\t<div id=\"elementor-tab-title-1906\" class=\"elementor-tab-title\" data-tab=\"6\" role=\"button\" aria-controls=\"elementor-tab-content-1906\" aria-expanded=\"false\">\n\t\t\t\t\t\t\t\t\t\t\t\t<span class=\"elementor-toggle-icon elementor-toggle-icon-right\" aria-hidden=\"true\">\n\t\t\t\t\t\t\t\t\t\t\t\t\t\t\t<span class=\"elementor-toggle-icon-closed\"><i class=\"fas fa-caret-down\"><\/i><\/span>\n\t\t\t\t\t\t\t\t<span class=\"elementor-toggle-icon-opened\"><i class=\"elementor-toggle-icon-opened fas fa-caret-up\"><\/i><\/span>\n\t\t\t\t\t\t\t\t\t\t\t\t\t<\/span>\n\t\t\t\t\t\t\t\t\t\t\t\t<a class=\"elementor-toggle-title\" tabindex=\"0\">En cas de perte<\/a>\n\t\t\t\t\t<\/div>\n\n\t\t\t\t\t<div id=\"elementor-tab-content-1906\" class=\"elementor-tab-content elementor-clearfix\" data-tab=\"6\" role=\"region\" aria-labelledby=\"elementor-tab-title-1906\"><p>Faire une d\u00e9claration de perte \u00e0 remplir en mairie lors de l\u2019\u00e9tablissement de la nouvelle demande.<\/p><\/div>\n\t\t\t\t<\/div>\n\t\t\t\t\t\t\t\t<\/div>\n\t\t\t\t\t\t<\/div>\n\t\t\t\t<\/div>\n\t\t\t\t\t<\/div>\n\t\t<\/div>\n\t\t\t\t\t<\/div>\n\t\t<\/section>\n\t\t\t\t<section class=\"has_eae_slider elementor-section elementor-top-section elementor-element elementor-element-9e36be6 elementor-section-boxed elementor-section-height-default elementor-section-height-default\" data-eae-slider=\"96275\" data-id=\"9e36be6\" data-element_type=\"section\">\n\t\t\t\t\t\t<div class=\"elementor-container elementor-column-gap-default\">\n\t\t\t\t\t<div class=\"has_eae_slider elementor-column elementor-col-100 elementor-top-column elementor-element elementor-element-f4873dd\" data-eae-slider=\"94952\" data-id=\"f4873dd\" data-element_type=\"column\">\n\t\t\t<div class=\"elementor-widget-wrap\">\n\t\t\t\t\t\t\t<\/div>\n\t\t<\/div>\n\t\t\t\t\t<\/div>\n\t\t<\/section>\n\t\t\t\t<section class=\"has_eae_slider elementor-section elementor-top-section elementor-element elementor-element-f5125dc elementor-section-boxed elementor-section-height-default elementor-section-height-default\" data-eae-slider=\"87734\" data-id=\"f5125dc\" data-element_type=\"section\">\n\t\t\t\t\t\t<div class=\"elementor-container elementor-column-gap-default\">\n\t\t\t\t\t<div class=\"has_eae_slider elementor-column elementor-col-100 elementor-top-column elementor-element elementor-element-60b85e4\" data-eae-slider=\"94829\" data-id=\"60b85e4\" data-element_type=\"column\">\n\t\t\t<div class=\"elementor-widget-wrap elementor-element-populated\">\n\t\t\t\t\t\t<div class=\"elementor-element elementor-element-e6d30b6 elementor-widget-divider--view-line elementor-widget elementor-widget-divider\" data-id=\"e6d30b6\" data-element_type=\"widget\" data-widget_type=\"divider.default\">\n\t\t\t\t<div class=\"elementor-widget-container\">\n\t\t\t\t\t\t\t<div class=\"elementor-divider\">\n\t\t\t<span class=\"elementor-divider-separator\">\n\t\t\t\t\t\t<\/span>\n\t\t<\/div>\n\t\t\t\t\t\t<\/div>\n\t\t\t\t<\/div>\n\t\t\t\t\t<\/div>\n\t\t<\/div>\n\t\t\t\t\t<\/div>\n\t\t<\/section>\n\t\t\t\t<section class=\"has_eae_slider elementor-section elementor-top-section elementor-element elementor-element-ffe0615 elementor-section-boxed elementor-section-height-default elementor-section-height-default\" data-eae-slider=\"21677\" data-id=\"ffe0615\" data-element_type=\"section\">\n\t\t\t\t\t\t<div class=\"elementor-container elementor-column-gap-default\">\n\t\t\t\t\t<div class=\"has_eae_slider elementor-column elementor-col-100 elementor-top-column elementor-element elementor-element-b2ac657\" data-eae-slider=\"71247\" data-id=\"b2ac657\" data-element_type=\"column\">\n\t\t\t<div class=\"elementor-widget-wrap elementor-element-populated\">\n\t\t\t\t\t\t<div class=\"elementor-element elementor-element-b07dfa8 elementor-widget elementor-widget-text-editor\" data-id=\"b07dfa8\" data-element_type=\"widget\" data-widget_type=\"text-editor.default\">\n\t\t\t\t<div class=\"elementor-widget-container\">\n\t\t\t\t\t\t\t\t\t<p style=\"text-align: center\"><span style=\"color: #ffffff\">Merci de fournir les photocopies des documents demand\u00e9s ainsi que les originaux<\/span><\/p>\t\t\t\t\t\t\t\t<\/div>\n\t\t\t\t<\/div>\n\t\t\t\t\t<\/div>\n\t\t<\/div>\n\t\t\t\t\t<\/div>\n\t\t<\/section>\n\t\t\t\t<section class=\"has_eae_slider elementor-section elementor-top-section elementor-element elementor-element-d6f995e elementor-section-boxed elementor-section-height-default elementor-section-height-default\" data-eae-slider=\"1715\" data-id=\"d6f995e\" data-element_type=\"section\">\n\t\t\t\t\t\t<div class=\"elementor-container elementor-column-gap-default\">\n\t\t\t\t\t<div class=\"has_eae_slider elementor-column elementor-col-50 elementor-top-column elementor-element elementor-element-67d024e\" data-eae-slider=\"16252\" data-id=\"67d024e\" data-element_type=\"column\">\n\t\t\t<div class=\"elementor-widget-wrap elementor-element-populated\">\n\t\t\t\t\t\t<div class=\"elementor-element elementor-element-0ee626c elementor-widget elementor-widget-heading\" data-id=\"0ee626c\" data-element_type=\"widget\" data-widget_type=\"heading.default\">\n\t\t\t\t<div class=\"elementor-widget-container\">\n\t\t\t\t\t<h5 class=\"elementor-heading-title elementor-size-default\">CARTE GRISE<\/h5>\t\t\t\t<\/div>\n\t\t\t\t<\/div>\n\t\t\t\t<div class=\"elementor-element elementor-element-cb70964 elementor-widget-divider--view-line elementor-widget elementor-widget-divider\" data-id=\"cb70964\" data-element_type=\"widget\" data-widget_type=\"divider.default\">\n\t\t\t\t<div class=\"elementor-widget-container\">\n\t\t\t\t\t\t\t<div class=\"elementor-divider\">\n\t\t\t<span class=\"elementor-divider-separator\">\n\t\t\t\t\t\t<\/span>\n\t\t<\/div>\n\t\t\t\t\t\t<\/div>\n\t\t\t\t<\/div>\n\t\t\t\t\t<\/div>\n\t\t<\/div>\n\t\t\t\t<div class=\"has_eae_slider elementor-column elementor-col-50 elementor-top-column elementor-element elementor-element-a08db6d\" data-eae-slider=\"83501\" data-id=\"a08db6d\" data-element_type=\"column\">\n\t\t\t<div class=\"elementor-widget-wrap elementor-element-populated\">\n\t\t\t\t\t\t<div class=\"elementor-element elementor-element-ea0589f elementor-widget elementor-widget-heading\" data-id=\"ea0589f\" data-element_type=\"widget\" data-widget_type=\"heading.default\">\n\t\t\t\t<div class=\"elementor-widget-container\">\n\t\t\t\t\t<h5 class=\"elementor-heading-title elementor-size-default\">PERMIS DE CONDUIRE<\/h5>\t\t\t\t<\/div>\n\t\t\t\t<\/div>\n\t\t\t\t<div class=\"elementor-element elementor-element-b193e57 elementor-widget-divider--view-line elementor-widget elementor-widget-divider\" data-id=\"b193e57\" data-element_type=\"widget\" data-widget_type=\"divider.default\">\n\t\t\t\t<div class=\"elementor-widget-container\">\n\t\t\t\t\t\t\t<div class=\"elementor-divider\">\n\t\t\t<span class=\"elementor-divider-separator\">\n\t\t\t\t\t\t<\/span>\n\t\t<\/div>\n\t\t\t\t\t\t<\/div>\n\t\t\t\t<\/div>\n\t\t\t\t\t<\/div>\n\t\t<\/div>\n\t\t\t\t\t<\/div>\n\t\t<\/section>\n\t\t\t\t<section class=\"has_eae_slider elementor-section elementor-top-section elementor-element elementor-element-0f4bdd8 elementor-section-boxed elementor-section-height-default elementor-section-height-default\" data-eae-slider=\"72019\" data-id=\"0f4bdd8\" data-element_type=\"section\">\n\t\t\t\t\t\t<div class=\"elementor-container elementor-column-gap-default\">\n\t\t\t\t\t<div class=\"has_eae_slider elementor-column elementor-col-50 elementor-top-column elementor-element elementor-element-fc8806b\" data-eae-slider=\"21448\" data-id=\"fc8806b\" data-element_type=\"column\">\n\t\t\t<div class=\"elementor-widget-wrap elementor-element-populated\">\n\t\t\t\t\t\t<div class=\"elementor-element elementor-element-53c2924 elementor-widget elementor-widget-toggle\" data-id=\"53c2924\" data-element_type=\"widget\" data-widget_type=\"toggle.default\">\n\t\t\t\t<div class=\"elementor-widget-container\">\n\t\t\t\t\t\t\t<div class=\"elementor-toggle\">\n\t\t\t\t\t\t\t<div class=\"elementor-toggle-item\">\n\t\t\t\t\t<div id=\"elementor-tab-title-8781\" class=\"elementor-tab-title\" data-tab=\"1\" role=\"button\" aria-controls=\"elementor-tab-content-8781\" aria-expanded=\"false\">\n\t\t\t\t\t\t\t\t\t\t\t\t<span class=\"elementor-toggle-icon elementor-toggle-icon-right\" aria-hidden=\"true\">\n\t\t\t\t\t\t\t\t\t\t\t\t\t\t\t<span class=\"elementor-toggle-icon-closed\"><i class=\"fas fa-caret-down\"><\/i><\/span>\n\t\t\t\t\t\t\t\t<span class=\"elementor-toggle-icon-opened\"><i class=\"elementor-toggle-icon-opened fas fa-caret-up\"><\/i><\/span>\n\t\t\t\t\t\t\t\t\t\t\t\t\t<\/span>\n\t\t\t\t\t\t\t\t\t\t\t\t<a class=\"elementor-toggle-title\" tabindex=\"0\">Simplification des d\u00e9marches gr\u00e2ce \u00e0 la nouvelle application Simplimmat\u00a0<\/a>\n\t\t\t\t\t<\/div>\n\n\t\t\t\t\t<div id=\"elementor-tab-content-8781\" class=\"elementor-tab-content elementor-clearfix\" data-tab=\"1\" role=\"region\" aria-labelledby=\"elementor-tab-title-8781\"><p style=\"text-align: justify;\"><span>La cr\u00e9ation de l&rsquo;application Simplimmat a pour objectif de moderniser les d\u00e9marches d\u2019immatriculation entre particuliers. Elle s\u2019inscrit dans le cadre de l\u2019am\u00e9lioration des services de France Titres (anciennement ANTS). Accessible gratuitement sur iOS et Android, cette application officielle permet d\u00e9sormais d\u2019effectuer certaines formalit\u00e9s administratives en toute autonomie, directement depuis son smartphone. Elle r\u00e9pond \u00e0 une volont\u00e9 de simplification, de s\u00e9curisation et de r\u00e9duction des d\u00e9lais dans la gestion des cessions et immatriculations de v\u00e9hicules d\u2019occasion.<\/span><\/p><\/div>\n\t\t\t\t<\/div>\n\t\t\t\t\t\t\t<div class=\"elementor-toggle-item\">\n\t\t\t\t\t<div id=\"elementor-tab-title-8782\" class=\"elementor-tab-title\" data-tab=\"2\" role=\"button\" aria-controls=\"elementor-tab-content-8782\" aria-expanded=\"false\">\n\t\t\t\t\t\t\t\t\t\t\t\t<span class=\"elementor-toggle-icon elementor-toggle-icon-right\" aria-hidden=\"true\">\n\t\t\t\t\t\t\t\t\t\t\t\t\t\t\t<span class=\"elementor-toggle-icon-closed\"><i class=\"fas fa-caret-down\"><\/i><\/span>\n\t\t\t\t\t\t\t\t<span class=\"elementor-toggle-icon-opened\"><i class=\"elementor-toggle-icon-opened fas fa-caret-up\"><\/i><\/span>\n\t\t\t\t\t\t\t\t\t\t\t\t\t<\/span>\n\t\t\t\t\t\t\t\t\t\t\t\t<a class=\"elementor-toggle-title\" tabindex=\"0\">Des services plus pratiques pour les usagers<\/a>\n\t\t\t\t\t<\/div>\n\n\t\t\t\t\t<div id=\"elementor-tab-content-8782\" class=\"elementor-tab-content elementor-clearfix\" data-tab=\"2\" role=\"region\" aria-labelledby=\"elementor-tab-title-8782\"><p style=\"text-align: justify;\"><span>La navigation jusqu\u2019alors entre plusieurs plateformes ainsi que la n\u00e9cessit\u00e9\u00a0d\u2019imprimer des documents et l\u2019attente pendant parfois plusieurs jours, pour acheter ou vendre des v\u00e9hicules\u00a0d\u2019occasions pouvaient \u00eatre contraignantes. L\u2019application Simplimmat change cette approche en centralisant tout le processus au sein\u00a0d\u2019un seul outil num\u00e9rique. Les deux parties \u2013 vendeur et acheteur \u2013 peuvent\u00a0d\u00e9sormais effectuer ensemble, sur leur t\u00e9l\u00e9phone, la\u00a0d\u00e9claration de cession\u00a0d\u2019un v\u00e9hicule. Cette\u00a0d\u00e9claration, autrefois source\u00a0d\u2019erreurs ou\u00a0d\u2019oublis, devient instantan\u00e9e et plus fiable.\u00a0<\/span><span>Dans la continuit\u00e9, l\u2019acheteur peut engager sa demande de certificat\u00a0d\u2019immatriculation dans la foul\u00e9e, \u00e9vitant ainsi toute interruption administrative ou retard injustifi\u00e9. Ce processus simplifi\u00e9 profite notamment \u00e0 ceux qui souhaitent concr\u00e9tiser rapidement l\u2019achat\u00a0d\u2019un v\u00e9hicule de seconde main, comme une<\/span><span>\u00a0<\/span><span><span style=\"color: #000000;\"><a href=\"https:\/\/protectlink.security-mail.net?url=https%3A%2F%2Fwww.bymycar.fr%2Fv%2Frenault-clio-v-occasion&amp;token=pRZ8OsF5eZY1lvf6CukVBa9j82xXV3nXKCzPBA%2BagFF0hLh8NpCRKB%2BpQlfpDcF0enKADYMVSk%2FnIwCR8Y19DHDlx6s9LLhEaZYthKBp9x4nne5lP3huLonN\" target=\"_blank\" rel=\"noopener\">Renault Clio 5 d&rsquo;occasion<\/a><\/span><\/span><span>, et qui d\u00e9sirent \u00e9viter des d\u00e9marches complexes ou chronophages.<\/span><\/p><\/div>\n\t\t\t\t<\/div>\n\t\t\t\t\t\t\t<div class=\"elementor-toggle-item\">\n\t\t\t\t\t<div id=\"elementor-tab-title-8783\" class=\"elementor-tab-title\" data-tab=\"3\" role=\"button\" aria-controls=\"elementor-tab-content-8783\" aria-expanded=\"false\">\n\t\t\t\t\t\t\t\t\t\t\t\t<span class=\"elementor-toggle-icon elementor-toggle-icon-right\" aria-hidden=\"true\">\n\t\t\t\t\t\t\t\t\t\t\t\t\t\t\t<span class=\"elementor-toggle-icon-closed\"><i class=\"fas fa-caret-down\"><\/i><\/span>\n\t\t\t\t\t\t\t\t<span class=\"elementor-toggle-icon-opened\"><i class=\"elementor-toggle-icon-opened fas fa-caret-up\"><\/i><\/span>\n\t\t\t\t\t\t\t\t\t\t\t\t\t<\/span>\n\t\t\t\t\t\t\t\t\t\t\t\t<a class=\"elementor-toggle-title\" tabindex=\"0\">Une s\u00e9curit\u00e9 renforc\u00e9e \u00e0 chaque \u00e9tape <\/a>\n\t\t\t\t\t<\/div>\n\n\t\t\t\t\t<div id=\"elementor-tab-content-8783\" class=\"elementor-tab-content elementor-clearfix\" data-tab=\"3\" role=\"region\" aria-labelledby=\"elementor-tab-title-8783\"><p style=\"text-align: justify;\"><span>La fiabilit\u00e9 de l\u2019identit\u00e9 des utilisateurs constitue un enjeu majeur dans les\u00a0d\u00e9marches de cession de v\u00e9hicules. Simplimmat repose sur le syst\u00e8me FranceConnect, qui permet une identification s\u00e9curis\u00e9e des deux parties. Cela limite les risques de fraude ou\u00a0d\u2019usurpation, tout en garantissant que les donn\u00e9es saisies soient exactes et v\u00e9rifi\u00e9es. Cette s\u00e9curisation est\u00a0d\u2019autant plus importante qu\u2019elle concerne des documents sensibles, tels que le certificat de cession ou la demande de carte grise.\u00a0<\/span><span>En outre, Simplimmat s\u2019appuie sur des bases de donn\u00e9es officielles comme le SIV (Syst\u00e8me\u00a0d\u2019Immatriculation des V\u00e9hicules) et le Fichier des V\u00e9hicules Assur\u00e9s, garantissant ainsi une coh\u00e9rence des informations transmises. L\u2019int\u00e9gration \u00e0 ces syst\u00e8mes permet \u00e0 l\u2019utilisateur\u00a0d\u2019obtenir des r\u00e9ponses pr\u00e9cises et imm\u00e9diates sur la situation administrative du v\u00e9hicule concern\u00e9.\u00a0<\/span><span>Un processus acc\u00e9l\u00e9r\u00e9, sans guichet ni impression :\u00a0<\/span><span>L\u2019autre grand avantage de Simplimmat r\u00e9side dans le gain de temps qu\u2019elle procure. Les utilisateurs peuvent effectuer leurs\u00a0d\u00e9marches en quelques minutes, \u00e0 n\u2019importe quel moment de la journ\u00e9e, sans avoir besoin de se\u00a0d\u00e9placer en pr\u00e9fecture ni de constituer un dossier papier. Cette accessibilit\u00e9 renforce l\u2019autonomie des citoyens face aux\u00a0d\u00e9marches administratives et correspond aux usages num\u00e9riques actuels.\u00a0<\/span><span>La fluidit\u00e9 du parcours usager a \u00e9t\u00e9 pens\u00e9e pour limiter les points de blocage et permettre un suivi en temps r\u00e9el des diff\u00e9rentes \u00e9tapes. Une fois la\u00a0d\u00e9claration de cession r\u00e9alis\u00e9e et la demande\u00a0d\u2019immatriculation\u00a0d\u00e9pos\u00e9e, le dossier est trait\u00e9 automatiquement par les syst\u00e8mes de France Titres, sans intervention humaine sauf en cas\u00a0d\u2019irr\u00e9gularit\u00e9\u00a0d\u00e9tect\u00e9e.\u00a0<\/span><span>Pour en savoir plus sur l\u2019application, ses fonctionnalit\u00e9s ou pour la t\u00e9l\u00e9charger directement, les usagers sont invit\u00e9s \u00e0 consulter le site officiel :\u00a0<\/span><a href=\"https:\/\/protectlink.security-mail.net?url=https%3A%2F%2Fants.gouv.fr%2Fnos-missions%2Fles-solutions-numeriques%2Fsimplimmat&amp;token=pRZ8OsF5eZY1lvf6CukVBa9j82xXV3nXKCzPBA%2BagFF0hLh8NpCRKB%2BpQlfpDcF0enKADYMVSk%2FnIwCR8Y19DHDlx6s9LLhEaZYthKBp9x4nne5lP3huLonN\" target=\"_blank\" rel=\"noopener\"><span>https:\/\/ants.gouv.fr\/nos-missions\/les-solutions-numeriques\/simplimmat<\/span><\/a><\/p><\/div>\n\t\t\t\t<\/div>\n\t\t\t\t\t\t\t\t<\/div>\n\t\t\t\t\t\t<\/div>\n\t\t\t\t<\/div>\n\t\t\t\t\t<\/div>\n\t\t<\/div>\n\t\t\t\t<div class=\"has_eae_slider elementor-column elementor-col-50 elementor-top-column elementor-element elementor-element-2ca201d\" data-eae-slider=\"75528\" data-id=\"2ca201d\" data-element_type=\"column\">\n\t\t\t<div class=\"elementor-widget-wrap elementor-element-populated\">\n\t\t\t\t\t\t<div class=\"elementor-element elementor-element-8b8fb95 elementor-widget elementor-widget-toggle\" data-id=\"8b8fb95\" data-element_type=\"widget\" data-widget_type=\"toggle.default\">\n\t\t\t\t<div class=\"elementor-widget-container\">\n\t\t\t\t\t\t\t<div class=\"elementor-toggle\">\n\t\t\t\t\t\t\t<div class=\"elementor-toggle-item\">\n\t\t\t\t\t<div id=\"elementor-tab-title-1461\" class=\"elementor-tab-title\" data-tab=\"1\" role=\"button\" aria-controls=\"elementor-tab-content-1461\" aria-expanded=\"false\">\n\t\t\t\t\t\t\t\t\t\t\t\t<span class=\"elementor-toggle-icon elementor-toggle-icon-right\" aria-hidden=\"true\">\n\t\t\t\t\t\t\t\t\t\t\t\t\t\t\t<span class=\"elementor-toggle-icon-closed\"><i class=\"fas fa-caret-down\"><\/i><\/span>\n\t\t\t\t\t\t\t\t<span class=\"elementor-toggle-icon-opened\"><i class=\"elementor-toggle-icon-opened fas fa-caret-up\"><\/i><\/span>\n\t\t\t\t\t\t\t\t\t\t\t\t\t<\/span>\n\t\t\t\t\t\t\t\t\t\t\t\t<a class=\"elementor-toggle-title\" tabindex=\"0\">Permis de Conduire D\u00e8s 17 Ans<\/a>\n\t\t\t\t\t<\/div>\n\n\t\t\t\t\t<div id=\"elementor-tab-content-1461\" class=\"elementor-tab-content elementor-clearfix\" data-tab=\"1\" role=\"region\" aria-labelledby=\"elementor-tab-title-1461\"><p dir=\"ltr\" style=\"text-align: justify;\">Toutes les \u00e9tapes associ\u00e9es \u00e0 l&rsquo;obtention du permis de conduire convergent vers la plateforme :<\/p><p dir=\"ltr\" style=\"text-align: center;\"><a href=\"https:\/\/protectlink.security-mail.net?url=https%3A%2F%2Fpermisdeconduire.ants.gouv.fr%2F&amp;token=pRZ8OsF5eZY1lvf6CukVBa9j82xXV3nXKCzPBA%2BagFF0hLh8NpCRKB%2BpQlfpDcFzd3LWXpkaHlbvcAaQuZB7Dnz9k6lreONaLMZlhrwNkgtT9bdOCxEtbOmxTB373EX8LyH079vFNjM%3D\" target=\"_blank\" rel=\"noopener\">https:\/\/permisdeconduire.ants.gouv.fr\/<\/a><\/p><p dir=\"ltr\" style=\"text-align: justify;\">Rassemblez l&rsquo;int\u00e9gralit\u00e9 de vos d\u00e9marches sur ce site :<\/p><ul><li dir=\"ltr\" aria-level=\"1\"><p dir=\"ltr\" role=\"presentation\">d\u00e9claration de perte ou de vol de votre permis de conduire,<\/p><\/li><li dir=\"ltr\" aria-level=\"1\"><p dir=\"ltr\" role=\"presentation\">suivi de l&rsquo;avancement de votre dossier,<\/p><\/li><li dir=\"ltr\" aria-level=\"1\"><p dir=\"ltr\" role=\"presentation\">v\u00e9rification de votre solde de points.<\/p><\/li><\/ul><p dir=\"ltr\" style=\"text-align: justify;\">\u00c0 compter de janvier 2024, l&rsquo;examen du permis de conduire est ouvert d\u00e8s l&rsquo;\u00e2ge de 17 ans en France. Cette initiative vise \u00e0 simplifier la mobilit\u00e9 des jeunes, particuli\u00e8rement ceux r\u00e9sidant en zone rurale, pour faciliter leur acc\u00e8s \u00e0 l&#8217;emploi.<\/p><p dir=\"ltr\" style=\"text-align: justify;\">Cette mesure s&rsquo;appliquera de mani\u00e8re \u00e9tendue \u00e0 tous les postulants au permis de conduire, qu&rsquo;ils soient inscrits dans une auto-\u00e9cole traditionnelle, qu&rsquo;ils optent pour le passage en candidat libre, ou qu&rsquo;ils pr\u00e9f\u00e8rent une auto-\u00e9cole en ligne. Dans ce dernier cas, l&rsquo;auto-\u00e9cole en ligne fournira toutes les informations n\u00e9cessaires, y compris l&rsquo;inscription via le num\u00e9ro NEPH ainsi que des ressources pour <a href=\"https:\/\/protectlink.security-mail.net?url=https%3A%2F%2Fwww.ornikar.com%2Fcode&amp;token=pRZ8OsF5eZY1lvf6CukVBa9j82xXV3nXKCzPBA%2BagFF0hLh8NpCRKB%2BpQlfpDcFzd3LWXpkaHlbvcAaQuZB7Dnz9k6lreONaLMZlhrwNkgtT9bdOCxEtbOmxTB373EX8LyH079vFNjM%3D\" target=\"_blank\" rel=\"noopener\">s\u2019entra\u00eener au code de la route en ligne<\/a>.<\/p><p dir=\"ltr\" style=\"text-align: justify;\">Les jeunes engag\u00e9s dans le programme d&rsquo;apprentissage anticip\u00e9 de la conduite (AAC), aussi appel\u00e9 conduite accompagn\u00e9e, pourront passer l&rsquo;examen pratique du permis de conduire \u00e0 partir de 17 ans. Tous les candidats, qu&rsquo;ils choisissent la conduite accompagn\u00e9e ou non, auront la possibilit\u00e9 de profiter de cette avanc\u00e9e \u00e0 partir de 2024, sans avoir \u00e0 attendre la majorit\u00e9 pour conduire individuellement apr\u00e8s la r\u00e9ussite de l&rsquo;examen.<\/p><p style=\"text-align: justify;\"><span id=\"m_5474711790101339683docs-internal-guid-98066898-7fff-09f7-3b42-c542db311502\">Pour obtenir des informations sur les assurances auto adapt\u00e9es\u00a0<a href=\"https:\/\/www.ornikar.com\/assurance-auto\/jeune-conducteur\" target=\"_blank\" rel=\"noopener\">aux jeunes conducteurs<\/a>, n&rsquo;h\u00e9sitez pas \u00e0 vous renseigner d\u00e8s maintenant.<\/span><\/p><p id=\"u24960-27\" class=\"Txt\" style=\"text-align: justify;\"><em><strong><span style=\"color: #ff0000;\">NB : Attention de ne pas faire vos d\u00e9marches autre que sur le site de l\u2019ANTS<\/span> &#8211; <\/strong><a class=\"nonblock\" href=\"https:\/\/permisdeconduire.ants.gouv.fr\/\" target=\"_blank\" rel=\"noopener\"><strong>https:\/\/permisdeconduire.ants.gouv.fr<\/strong><\/a><\/em><\/p><p class=\"Txt\" style=\"text-align: justify;\"><em>En cas de perte ou de vol du permis de conduire, faire la d\u00e9claration sur le <a class=\"nonblock\" href=\"https:\/\/permisdeconduire.ants.gouv.fr\/\" target=\"_blank\" rel=\"noopener\">site ANTS<\/a>.<\/em><\/p><\/div>\n\t\t\t\t<\/div>\n\t\t\t\t\t\t\t<div class=\"elementor-toggle-item\">\n\t\t\t\t\t<div id=\"elementor-tab-title-1462\" class=\"elementor-tab-title\" data-tab=\"2\" role=\"button\" aria-controls=\"elementor-tab-content-1462\" aria-expanded=\"false\">\n\t\t\t\t\t\t\t\t\t\t\t\t<span class=\"elementor-toggle-icon elementor-toggle-icon-right\" aria-hidden=\"true\">\n\t\t\t\t\t\t\t\t\t\t\t\t\t\t\t<span class=\"elementor-toggle-icon-closed\"><i class=\"fas fa-caret-down\"><\/i><\/span>\n\t\t\t\t\t\t\t\t<span class=\"elementor-toggle-icon-opened\"><i class=\"elementor-toggle-icon-opened fas fa-caret-up\"><\/i><\/span>\n\t\t\t\t\t\t\t\t\t\t\t\t\t<\/span>\n\t\t\t\t\t\t\t\t\t\t\t\t<a class=\"elementor-toggle-title\" tabindex=\"0\">D\u00e9marches du permis \u00e0 points<\/a>\n\t\t\t\t\t<\/div>\n\n\t\t\t\t\t<div id=\"elementor-tab-content-1462\" class=\"elementor-tab-content elementor-clearfix\" data-tab=\"2\" role=\"region\" aria-labelledby=\"elementor-tab-title-1462\"><ul style=\"list-style-type: disc;\"><li><em>D\u00e9marches administratives relatives au stage de r\u00e9cup\u00e9ration de points : <a class=\"nonblock\" href=\"https:\/\/www.legipermis.com\/stage-recuperation-points\/\" target=\"_blank\" rel=\"noopener\">https:\/\/www.legipermis.com\/stage-recuperation-points\/<\/a><\/em><\/li><li class=\"Txt\" style=\"text-align: justify;\"><em>Liste actualis\u00e9e des stages de r\u00e9cup\u00e9ration de points agr\u00e9\u00e9s par la pr\u00e9fecture de Seine-et-Marne (77) : <a class=\"nonblock\" href=\"https:\/\/www.legipermis.com\/stages-points\/seine-et-marne\/\" target=\"_blank\" rel=\"noopener\">https:\/\/www.legipermis.com\/stages-points\/seine-et-marne\/<\/a><\/em><\/li><li class=\"Txt\" style=\"text-align: justify;\"><em>Site du permis de conduire de l&rsquo;Etat (renouvellement, d\u00e9claration de perte, suivi de dossier) :<br \/><a class=\"nonblock\" href=\"https:\/\/permisdeconduire.ants.gouv.fr\/\" target=\"_blank\" rel=\"noopener\">https:\/\/permisdeconduire.ants.gouv.fr<\/a><\/em><\/li><\/ul><\/div>\n\t\t\t\t<\/div>\n\t\t\t\t\t\t\t\t<\/div>\n\t\t\t\t\t\t<\/div>\n\t\t\t\t<\/div>\n\t\t\t\t\t<\/div>\n\t\t<\/div>\n\t\t\t\t\t<\/div>\n\t\t<\/section>\n\t\t\t\t<section class=\"has_eae_slider elementor-section elementor-top-section elementor-element elementor-element-5b3ae81 elementor-section-boxed elementor-section-height-default elementor-section-height-default\" data-eae-slider=\"27964\" data-id=\"5b3ae81\" data-element_type=\"section\">\n\t\t\t\t\t\t<div class=\"elementor-container elementor-column-gap-default\">\n\t\t\t\t\t<div class=\"has_eae_slider elementor-column elementor-col-100 elementor-top-column elementor-element elementor-element-1bc1d1a\" data-eae-slider=\"56980\" data-id=\"1bc1d1a\" data-element_type=\"column\">\n\t\t\t<div class=\"elementor-widget-wrap elementor-element-populated\">\n\t\t\t\t\t\t<div class=\"elementor-element elementor-element-d8f1d99 elementor-widget elementor-widget-heading\" data-id=\"d8f1d99\" data-element_type=\"widget\" data-widget_type=\"heading.default\">\n\t\t\t\t<div class=\"elementor-widget-container\">\n\t\t\t\t\t<h5 class=\"elementor-heading-title elementor-size-default\">\u00e9tat civil<\/h5>\t\t\t\t<\/div>\n\t\t\t\t<\/div>\n\t\t\t\t<div class=\"elementor-element elementor-element-db1d3f7 elementor-widget-divider--view-line elementor-widget elementor-widget-divider\" data-id=\"db1d3f7\" data-element_type=\"widget\" data-widget_type=\"divider.default\">\n\t\t\t\t<div class=\"elementor-widget-container\">\n\t\t\t\t\t\t\t<div class=\"elementor-divider\">\n\t\t\t<span class=\"elementor-divider-separator\">\n\t\t\t\t\t\t<\/span>\n\t\t<\/div>\n\t\t\t\t\t\t<\/div>\n\t\t\t\t<\/div>\n\t\t\t\t<div class=\"elementor-element elementor-element-7c87681 elementor-widget elementor-widget-text-editor\" data-id=\"7c87681\" data-element_type=\"widget\" data-widget_type=\"text-editor.default\">\n\t\t\t\t<div class=\"elementor-widget-container\">\n\t\t\t\t\t\t\t\t\t<p id=\"u25035-7\" class=\"Txt\" style=\"text-align: center\"><span id=\"u25035\" style=\"color: #ffffff\">Vous pouvez envoyer votre demande directement au service Etat Civil \u00e0 l&rsquo;adresse suivante :<\/span><br \/><a class=\"nonblock\" href=\"mailto:etatcivil@mairie-provins.fr\"><span style=\"text-decoration: underline\"><span style=\"color: #ffff99;text-decoration: underline\">etatcivil@mairie-provins.fr<\/span><\/span><\/a><\/p>\t\t\t\t\t\t\t\t<\/div>\n\t\t\t\t<\/div>\n\t\t\t\t\t<\/div>\n\t\t<\/div>\n\t\t\t\t\t<\/div>\n\t\t<\/section>\n\t\t\t\t<section class=\"has_eae_slider elementor-section elementor-top-section elementor-element elementor-element-106e72c elementor-section-boxed elementor-section-height-default elementor-section-height-default\" data-eae-slider=\"88138\" data-id=\"106e72c\" data-element_type=\"section\">\n\t\t\t\t\t\t<div class=\"elementor-container elementor-column-gap-default\">\n\t\t\t\t\t<div class=\"has_eae_slider elementor-column elementor-col-50 elementor-top-column elementor-element elementor-element-42a0879\" data-eae-slider=\"14736\" data-id=\"42a0879\" data-element_type=\"column\">\n\t\t\t<div class=\"elementor-widget-wrap elementor-element-populated\">\n\t\t\t\t\t\t<div class=\"elementor-element elementor-element-0d05513 elementor-widget elementor-widget-toggle\" data-id=\"0d05513\" data-element_type=\"widget\" data-widget_type=\"toggle.default\">\n\t\t\t\t<div class=\"elementor-widget-container\">\n\t\t\t\t\t\t\t<div class=\"elementor-toggle\">\n\t\t\t\t\t\t\t<div class=\"elementor-toggle-item\">\n\t\t\t\t\t<div id=\"elementor-tab-title-1361\" class=\"elementor-tab-title\" data-tab=\"1\" role=\"button\" aria-controls=\"elementor-tab-content-1361\" aria-expanded=\"false\">\n\t\t\t\t\t\t\t\t\t\t\t\t<span class=\"elementor-toggle-icon elementor-toggle-icon-right\" aria-hidden=\"true\">\n\t\t\t\t\t\t\t\t\t\t\t\t\t\t\t<span class=\"elementor-toggle-icon-closed\"><i class=\"fas fa-caret-down\"><\/i><\/span>\n\t\t\t\t\t\t\t\t<span class=\"elementor-toggle-icon-opened\"><i class=\"elementor-toggle-icon-opened fas fa-caret-up\"><\/i><\/span>\n\t\t\t\t\t\t\t\t\t\t\t\t\t<\/span>\n\t\t\t\t\t\t\t\t\t\t\t\t<a class=\"elementor-toggle-title\" tabindex=\"0\">D\u00e9claration de naissance<\/a>\n\t\t\t\t\t<\/div>\n\n\t\t\t\t\t<div id=\"elementor-tab-content-1361\" class=\"elementor-tab-content elementor-clearfix\" data-tab=\"1\" role=\"region\" aria-labelledby=\"elementor-tab-title-1361\"><p style=\"text-align: justify;\">Fournir certificat m\u00e9dical de naissance (livret de famille) dans les 3 jours du lieu de naissance.<\/p><\/div>\n\t\t\t\t<\/div>\n\t\t\t\t\t\t\t<div class=\"elementor-toggle-item\">\n\t\t\t\t\t<div id=\"elementor-tab-title-1362\" class=\"elementor-tab-title\" data-tab=\"2\" role=\"button\" aria-controls=\"elementor-tab-content-1362\" aria-expanded=\"false\">\n\t\t\t\t\t\t\t\t\t\t\t\t<span class=\"elementor-toggle-icon elementor-toggle-icon-right\" aria-hidden=\"true\">\n\t\t\t\t\t\t\t\t\t\t\t\t\t\t\t<span class=\"elementor-toggle-icon-closed\"><i class=\"fas fa-caret-down\"><\/i><\/span>\n\t\t\t\t\t\t\t\t<span class=\"elementor-toggle-icon-opened\"><i class=\"elementor-toggle-icon-opened fas fa-caret-up\"><\/i><\/span>\n\t\t\t\t\t\t\t\t\t\t\t\t\t<\/span>\n\t\t\t\t\t\t\t\t\t\t\t\t<a class=\"elementor-toggle-title\" tabindex=\"0\">Reconnaissance avant la naissance<\/a>\n\t\t\t\t\t<\/div>\n\n\t\t\t\t\t<div id=\"elementor-tab-content-1362\" class=\"elementor-tab-content elementor-clearfix\" data-tab=\"2\" role=\"region\" aria-labelledby=\"elementor-tab-title-1362\"><p>Fournir les pi\u00e8ces d&rsquo;identit\u00e9 des d\u00e9clarants. Apr\u00e8s la naissance : pi\u00e8ces d\u2019identit\u00e9 des d\u00e9clarants et extrait de naissance de l\u2019enfant.<\/p><\/div>\n\t\t\t\t<\/div>\n\t\t\t\t\t\t\t<div class=\"elementor-toggle-item\">\n\t\t\t\t\t<div id=\"elementor-tab-title-1363\" class=\"elementor-tab-title\" data-tab=\"3\" role=\"button\" aria-controls=\"elementor-tab-content-1363\" aria-expanded=\"false\">\n\t\t\t\t\t\t\t\t\t\t\t\t<span class=\"elementor-toggle-icon elementor-toggle-icon-right\" aria-hidden=\"true\">\n\t\t\t\t\t\t\t\t\t\t\t\t\t\t\t<span class=\"elementor-toggle-icon-closed\"><i class=\"fas fa-caret-down\"><\/i><\/span>\n\t\t\t\t\t\t\t\t<span class=\"elementor-toggle-icon-opened\"><i class=\"elementor-toggle-icon-opened fas fa-caret-up\"><\/i><\/span>\n\t\t\t\t\t\t\t\t\t\t\t\t\t<\/span>\n\t\t\t\t\t\t\t\t\t\t\t\t<a class=\"elementor-toggle-title\" tabindex=\"0\">Extrait d'acte de naissance<\/a>\n\t\t\t\t\t<\/div>\n\n\t\t\t\t\t<div id=\"elementor-tab-content-1363\" class=\"elementor-tab-content elementor-clearfix\" data-tab=\"3\" role=\"region\" aria-labelledby=\"elementor-tab-title-1363\"><p class=\"Txt\" style=\"text-align: justify;\">A la mairie du lieu de naissance : indiquer nom, pr\u00e9noms, date de naissance, nom et pr\u00e9nom usuel des parents.<\/p><p class=\"Txt\" style=\"text-align: left;\">Par internet sur le site <a class=\"nonblock\" href=\"https:\/\/www.service-public.fr\/particuliers\/vosdroits\/R1406\" target=\"_blank\" rel=\"noopener\">demarches.interieur.gouv.fr<\/a><\/p><p class=\"Txt\" style=\"text-align: justify;\">Fran\u00e7ais n\u00e9s \u00e0 l\u2019\u00e9tranger : s\u2019adresser au Service central Etat civil (44941 Nantes cedex 2) indiquer date et lieu de naissance, nom patronymique, pr\u00e9nom (joindre enveloppe timbr\u00e9e).<\/p><p class=\"Txt\" style=\"text-align: left;\">Par internet sur le site <a class=\"nonblock\" href=\"https:\/\/www.service-public.fr\/particuliers\/vosdroits\/R1405\" target=\"_blank\" rel=\"noopener\">demarches.interieur.gouv.fr<\/a><\/p><\/div>\n\t\t\t\t<\/div>\n\t\t\t\t\t\t\t<div class=\"elementor-toggle-item\">\n\t\t\t\t\t<div id=\"elementor-tab-title-1364\" class=\"elementor-tab-title\" data-tab=\"4\" role=\"button\" aria-controls=\"elementor-tab-content-1364\" aria-expanded=\"false\">\n\t\t\t\t\t\t\t\t\t\t\t\t<span class=\"elementor-toggle-icon elementor-toggle-icon-right\" aria-hidden=\"true\">\n\t\t\t\t\t\t\t\t\t\t\t\t\t\t\t<span class=\"elementor-toggle-icon-closed\"><i class=\"fas fa-caret-down\"><\/i><\/span>\n\t\t\t\t\t\t\t\t<span class=\"elementor-toggle-icon-opened\"><i class=\"elementor-toggle-icon-opened fas fa-caret-up\"><\/i><\/span>\n\t\t\t\t\t\t\t\t\t\t\t\t\t<\/span>\n\t\t\t\t\t\t\t\t\t\t\t\t<a class=\"elementor-toggle-title\" tabindex=\"0\">Parrainage civil<\/a>\n\t\t\t\t\t<\/div>\n\n\t\t\t\t\t<div id=\"elementor-tab-content-1364\" class=\"elementor-tab-content elementor-clearfix\" data-tab=\"4\" role=\"region\" aria-labelledby=\"elementor-tab-title-1364\"><p>Pi\u00e8ce d&rsquo;identit\u00e9, livret de famille des parents, \u00e9tat civil des parrain et marraine, justificatif de domicile.<\/p><\/div>\n\t\t\t\t<\/div>\n\t\t\t\t\t\t\t<div class=\"elementor-toggle-item\">\n\t\t\t\t\t<div id=\"elementor-tab-title-1365\" class=\"elementor-tab-title\" data-tab=\"5\" role=\"button\" aria-controls=\"elementor-tab-content-1365\" aria-expanded=\"false\">\n\t\t\t\t\t\t\t\t\t\t\t\t<span class=\"elementor-toggle-icon elementor-toggle-icon-right\" aria-hidden=\"true\">\n\t\t\t\t\t\t\t\t\t\t\t\t\t\t\t<span class=\"elementor-toggle-icon-closed\"><i class=\"fas fa-caret-down\"><\/i><\/span>\n\t\t\t\t\t\t\t\t<span class=\"elementor-toggle-icon-opened\"><i class=\"elementor-toggle-icon-opened fas fa-caret-up\"><\/i><\/span>\n\t\t\t\t\t\t\t\t\t\t\t\t\t<\/span>\n\t\t\t\t\t\t\t\t\t\t\t\t<a class=\"elementor-toggle-title\" tabindex=\"0\">Mariage (demande de c\u00e9l\u00e9bration)<\/a>\n\t\t\t\t\t<\/div>\n\n\t\t\t\t\t<div id=\"elementor-tab-content-1365\" class=\"elementor-tab-content elementor-clearfix\" data-tab=\"5\" role=\"region\" aria-labelledby=\"elementor-tab-title-1365\"><p>Mairie du lieu du domicile ou de r\u00e9sidence.<\/p><\/div>\n\t\t\t\t<\/div>\n\t\t\t\t\t\t\t<div class=\"elementor-toggle-item\">\n\t\t\t\t\t<div id=\"elementor-tab-title-1366\" class=\"elementor-tab-title\" data-tab=\"6\" role=\"button\" aria-controls=\"elementor-tab-content-1366\" aria-expanded=\"false\">\n\t\t\t\t\t\t\t\t\t\t\t\t<span class=\"elementor-toggle-icon elementor-toggle-icon-right\" aria-hidden=\"true\">\n\t\t\t\t\t\t\t\t\t\t\t\t\t\t\t<span class=\"elementor-toggle-icon-closed\"><i class=\"fas fa-caret-down\"><\/i><\/span>\n\t\t\t\t\t\t\t\t<span class=\"elementor-toggle-icon-opened\"><i class=\"elementor-toggle-icon-opened fas fa-caret-up\"><\/i><\/span>\n\t\t\t\t\t\t\t\t\t\t\t\t\t<\/span>\n\t\t\t\t\t\t\t\t\t\t\t\t<a class=\"elementor-toggle-title\" tabindex=\"0\">Extrait d'acte de mariage<\/a>\n\t\t\t\t\t<\/div>\n\n\t\t\t\t\t<div id=\"elementor-tab-content-1366\" class=\"elementor-tab-content elementor-clearfix\" data-tab=\"6\" role=\"region\" aria-labelledby=\"elementor-tab-title-1366\"><p class=\"Txt\" style=\"text-align: justify;\">Mairie du lieu de mariage : fournir nom, pr\u00e9nom, date du mariage, nom et pr\u00e9nom usuel des parents et une enveloppe timbr\u00e9e.<\/p><p class=\"Txt\">Par internet sur le site <a class=\"nonblock\" href=\"https:\/\/www.service-public.fr\/particuliers\/vosdroits\/F1432\" target=\"_blank\" rel=\"noopener\">mon.service-public.fr<\/a><\/p><p class=\"Txt\" style=\"text-align: justify;\">Pour les Fran\u00e7ais mari\u00e9s \u00e0 l\u2019\u00e9tranger : s\u2019adresser au Service central Etat civil (44941 Nantes cedex 2) indiquer nom, pr\u00e9nom, date et lieu du mariage.<\/p><p class=\"Txt\">Par internet sur le site <a class=\"nonblock\" href=\"https:\/\/www.service-public.fr\/particuliers\/vosdroits\/F1432\" target=\"_blank\" rel=\"noopener\">mon.service-public.fr<\/a><\/p><\/div>\n\t\t\t\t<\/div>\n\t\t\t\t\t\t\t<div class=\"elementor-toggle-item\">\n\t\t\t\t\t<div id=\"elementor-tab-title-1367\" class=\"elementor-tab-title\" data-tab=\"7\" role=\"button\" aria-controls=\"elementor-tab-content-1367\" aria-expanded=\"false\">\n\t\t\t\t\t\t\t\t\t\t\t\t<span class=\"elementor-toggle-icon elementor-toggle-icon-right\" aria-hidden=\"true\">\n\t\t\t\t\t\t\t\t\t\t\t\t\t\t\t<span class=\"elementor-toggle-icon-closed\"><i class=\"fas fa-caret-down\"><\/i><\/span>\n\t\t\t\t\t\t\t\t<span class=\"elementor-toggle-icon-opened\"><i class=\"elementor-toggle-icon-opened fas fa-caret-up\"><\/i><\/span>\n\t\t\t\t\t\t\t\t\t\t\t\t\t<\/span>\n\t\t\t\t\t\t\t\t\t\t\t\t<a class=\"elementor-toggle-title\" tabindex=\"0\">Certificat d'union libre<\/a>\n\t\t\t\t\t<\/div>\n\n\t\t\t\t\t<div id=\"elementor-tab-content-1367\" class=\"elementor-tab-content elementor-clearfix\" data-tab=\"7\" role=\"region\" aria-labelledby=\"elementor-tab-title-1367\"><p>Pi\u00e8ce d&rsquo;identit\u00e9, justificatif du domicile, deux t\u00e9moins majeurs hors famille.<\/p><\/div>\n\t\t\t\t<\/div>\n\t\t\t\t\t\t\t\t<\/div>\n\t\t\t\t\t\t<\/div>\n\t\t\t\t<\/div>\n\t\t\t\t<div class=\"elementor-element elementor-element-43b65bc elementor-widget elementor-widget-spacer\" data-id=\"43b65bc\" data-element_type=\"widget\" data-widget_type=\"spacer.default\">\n\t\t\t\t<div class=\"elementor-widget-container\">\n\t\t\t\t\t\t\t<div class=\"elementor-spacer\">\n\t\t\t<div class=\"elementor-spacer-inner\"><\/div>\n\t\t<\/div>\n\t\t\t\t\t\t<\/div>\n\t\t\t\t<\/div>\n\t\t\t\t<div class=\"elementor-element elementor-element-ab2f51a elementor-widget elementor-widget-heading\" data-id=\"ab2f51a\" data-element_type=\"widget\" data-widget_type=\"heading.default\">\n\t\t\t\t<div class=\"elementor-widget-container\">\n\t\t\t\t\t<h5 class=\"elementor-heading-title elementor-size-default\">AFFAIRES MILITAIRES<\/h5>\t\t\t\t<\/div>\n\t\t\t\t<\/div>\n\t\t\t\t<div class=\"elementor-element elementor-element-8570431 elementor-widget-divider--view-line elementor-widget elementor-widget-divider\" data-id=\"8570431\" data-element_type=\"widget\" data-widget_type=\"divider.default\">\n\t\t\t\t<div class=\"elementor-widget-container\">\n\t\t\t\t\t\t\t<div class=\"elementor-divider\">\n\t\t\t<span class=\"elementor-divider-separator\">\n\t\t\t\t\t\t<\/span>\n\t\t<\/div>\n\t\t\t\t\t\t<\/div>\n\t\t\t\t<\/div>\n\t\t\t\t<div class=\"elementor-element elementor-element-f827945 elementor-widget elementor-widget-toggle\" data-id=\"f827945\" data-element_type=\"widget\" data-widget_type=\"toggle.default\">\n\t\t\t\t<div class=\"elementor-widget-container\">\n\t\t\t\t\t\t\t<div class=\"elementor-toggle\">\n\t\t\t\t\t\t\t<div class=\"elementor-toggle-item\">\n\t\t\t\t\t<div id=\"elementor-tab-title-2601\" class=\"elementor-tab-title\" data-tab=\"1\" role=\"button\" aria-controls=\"elementor-tab-content-2601\" aria-expanded=\"false\">\n\t\t\t\t\t\t\t\t\t\t\t\t<span class=\"elementor-toggle-icon elementor-toggle-icon-right\" aria-hidden=\"true\">\n\t\t\t\t\t\t\t\t\t\t\t\t\t\t\t<span class=\"elementor-toggle-icon-closed\"><i class=\"fas fa-caret-down\"><\/i><\/span>\n\t\t\t\t\t\t\t\t<span class=\"elementor-toggle-icon-opened\"><i class=\"elementor-toggle-icon-opened fas fa-caret-up\"><\/i><\/span>\n\t\t\t\t\t\t\t\t\t\t\t\t\t<\/span>\n\t\t\t\t\t\t\t\t\t\t\t\t<a class=\"elementor-toggle-title\" tabindex=\"0\">Recensement militaire<\/a>\n\t\t\t\t\t<\/div>\n\n\t\t\t\t\t<div id=\"elementor-tab-content-2601\" class=\"elementor-tab-content elementor-clearfix\" data-tab=\"1\" role=\"region\" aria-labelledby=\"elementor-tab-title-2601\"><p class=\"Txt\">Se faire recenser en mairie d\u00e8s l\u2019\u00e2ge de 16 ans dans le mois de naissance, gar\u00e7ons et filles.<\/p><p id=\"u25050-6\" class=\"Txt\">Fournir :<\/p><ul id=\"u25050-13\" class=\"list0 nls-None\"><li id=\"u25050-8\" class=\"Txt\" style=\"text-align: justify;\">pi\u00e8ce d&rsquo;identit\u00e9 attestant de la nationalit\u00e9 fran\u00e7aise (carte d\u2019identit\u00e9 ou certificat de nationalit\u00e9 fran\u00e7aise),<\/li><li id=\"u25050-10\" class=\"Txt\">livret de famille,<\/li><li id=\"u25050-12\" class=\"Txt\">justificatif de domicile (-3mois).<\/li><\/ul><\/div>\n\t\t\t\t<\/div>\n\t\t\t\t\t\t\t<div class=\"elementor-toggle-item\">\n\t\t\t\t\t<div id=\"elementor-tab-title-2602\" class=\"elementor-tab-title\" data-tab=\"2\" role=\"button\" aria-controls=\"elementor-tab-content-2602\" aria-expanded=\"false\">\n\t\t\t\t\t\t\t\t\t\t\t\t<span class=\"elementor-toggle-icon elementor-toggle-icon-right\" aria-hidden=\"true\">\n\t\t\t\t\t\t\t\t\t\t\t\t\t\t\t<span class=\"elementor-toggle-icon-closed\"><i class=\"fas fa-caret-down\"><\/i><\/span>\n\t\t\t\t\t\t\t\t<span class=\"elementor-toggle-icon-opened\"><i class=\"elementor-toggle-icon-opened fas fa-caret-up\"><\/i><\/span>\n\t\t\t\t\t\t\t\t\t\t\t\t\t<\/span>\n\t\t\t\t\t\t\t\t\t\t\t\t<a class=\"elementor-toggle-title\" tabindex=\"0\">Carte d'invalidit\u00e9 militaire<\/a>\n\t\t\t\t\t<\/div>\n\n\t\t\t\t\t<div id=\"elementor-tab-content-2602\" class=\"elementor-tab-content elementor-clearfix\" data-tab=\"2\" role=\"region\" aria-labelledby=\"elementor-tab-title-2602\"><p style=\"text-align: justify;\">Fournir au Centre communal d\u2019action sociale (CCAS) de votre commune une copie conforme de notification de concession de pension (si accord\u00e9e avant le 01\/06\/50) ou du brevet d\u2019inscription si la pension a \u00e9t\u00e9 accord\u00e9e apr\u00e8s le 01\/06\/50.<\/p><\/div>\n\t\t\t\t<\/div>\n\t\t\t\t\t\t\t<div class=\"elementor-toggle-item\">\n\t\t\t\t\t<div id=\"elementor-tab-title-2603\" class=\"elementor-tab-title\" data-tab=\"3\" role=\"button\" aria-controls=\"elementor-tab-content-2603\" aria-expanded=\"false\">\n\t\t\t\t\t\t\t\t\t\t\t\t<span class=\"elementor-toggle-icon elementor-toggle-icon-right\" aria-hidden=\"true\">\n\t\t\t\t\t\t\t\t\t\t\t\t\t\t\t<span class=\"elementor-toggle-icon-closed\"><i class=\"fas fa-caret-down\"><\/i><\/span>\n\t\t\t\t\t\t\t\t<span class=\"elementor-toggle-icon-opened\"><i class=\"elementor-toggle-icon-opened fas fa-caret-up\"><\/i><\/span>\n\t\t\t\t\t\t\t\t\t\t\t\t\t<\/span>\n\t\t\t\t\t\t\t\t\t\t\t\t<a class=\"elementor-toggle-title\" tabindex=\"0\">Demande de retraite du combattant<\/a>\n\t\t\t\t\t<\/div>\n\n\t\t\t\t\t<div id=\"elementor-tab-content-2603\" class=\"elementor-tab-content elementor-clearfix\" data-tab=\"3\" role=\"region\" aria-labelledby=\"elementor-tab-title-2603\"><p>Dossier \u00e0 retirer au CCAS de votre commune.<\/p><\/div>\n\t\t\t\t<\/div>\n\t\t\t\t\t\t\t<div class=\"elementor-toggle-item\">\n\t\t\t\t\t<div id=\"elementor-tab-title-2604\" class=\"elementor-tab-title\" data-tab=\"4\" role=\"button\" aria-controls=\"elementor-tab-content-2604\" aria-expanded=\"false\">\n\t\t\t\t\t\t\t\t\t\t\t\t<span class=\"elementor-toggle-icon elementor-toggle-icon-right\" aria-hidden=\"true\">\n\t\t\t\t\t\t\t\t\t\t\t\t\t\t\t<span class=\"elementor-toggle-icon-closed\"><i class=\"fas fa-caret-down\"><\/i><\/span>\n\t\t\t\t\t\t\t\t<span class=\"elementor-toggle-icon-opened\"><i class=\"elementor-toggle-icon-opened fas fa-caret-up\"><\/i><\/span>\n\t\t\t\t\t\t\t\t\t\t\t\t\t<\/span>\n\t\t\t\t\t\t\t\t\t\t\t\t<a class=\"elementor-toggle-title\" tabindex=\"0\">Renouvellement de la carte d'ancien combattant<\/a>\n\t\t\t\t\t<\/div>\n\n\t\t\t\t\t<div id=\"elementor-tab-content-2604\" class=\"elementor-tab-content elementor-clearfix\" data-tab=\"4\" role=\"region\" aria-labelledby=\"elementor-tab-title-2604\"><p>S\u2019adresser au CCAS de votre commune muni d\u2019une photo d&rsquo;identit\u00e9 et de l\u2019ancienne carte.<\/p><\/div>\n\t\t\t\t<\/div>\n\t\t\t\t\t\t\t\t<\/div>\n\t\t\t\t\t\t<\/div>\n\t\t\t\t<\/div>\n\t\t\t\t<div class=\"elementor-element elementor-element-6c62634 elementor-widget elementor-widget-spacer\" data-id=\"6c62634\" data-element_type=\"widget\" data-widget_type=\"spacer.default\">\n\t\t\t\t<div class=\"elementor-widget-container\">\n\t\t\t\t\t\t\t<div class=\"elementor-spacer\">\n\t\t\t<div class=\"elementor-spacer-inner\"><\/div>\n\t\t<\/div>\n\t\t\t\t\t\t<\/div>\n\t\t\t\t<\/div>\n\t\t\t\t<div class=\"elementor-element elementor-element-dd5bf45 elementor-widget elementor-widget-toggle\" data-id=\"dd5bf45\" data-element_type=\"widget\" data-widget_type=\"toggle.default\">\n\t\t\t\t<div class=\"elementor-widget-container\">\n\t\t\t\t\t\t\t<div class=\"elementor-toggle\">\n\t\t\t\t\t\t\t<div class=\"elementor-toggle-item\">\n\t\t\t\t\t<h5 id=\"elementor-tab-title-2321\" class=\"elementor-tab-title\" data-tab=\"1\" role=\"button\" aria-controls=\"elementor-tab-content-2321\" aria-expanded=\"false\">\n\t\t\t\t\t\t\t\t\t\t\t\t<span class=\"elementor-toggle-icon elementor-toggle-icon-right\" aria-hidden=\"true\">\n\t\t\t\t\t\t\t\t\t\t\t\t\t\t\t<span class=\"elementor-toggle-icon-closed\"><i class=\"fas fa-caret-down\"><\/i><\/span>\n\t\t\t\t\t\t\t\t<span class=\"elementor-toggle-icon-opened\"><i class=\"elementor-toggle-icon-opened fas fa-caret-up\"><\/i><\/span>\n\t\t\t\t\t\t\t\t\t\t\t\t\t<\/span>\n\t\t\t\t\t\t\t\t\t\t\t\t<a class=\"elementor-toggle-title\" tabindex=\"0\">ALLOCATION LOGEMENT, ALLOCATION PERSONNALIS\u00c9E<\/a>\n\t\t\t\t\t<\/h5>\n\n\t\t\t\t\t<div id=\"elementor-tab-content-2321\" class=\"elementor-tab-content elementor-clearfix\" data-tab=\"1\" role=\"region\" aria-labelledby=\"elementor-tab-title-2321\"><p style=\"text-align: justify;\">En fonction des ressources et de la situation familiale, adresser une demande par \u00e9crit \u00e0 la Caisse d\u2019Allocations Familiales (77024 Melun cedex) ou retirer le dossier aupr\u00e8s de la permanence CAF, 4, rue du G\u00e9n\u00e9ral Delort, du lundi au vendredi de 14 h \u00e0 16 h 30.<\/p><\/div>\n\t\t\t\t<\/div>\n\t\t\t\t\t\t\t<div class=\"elementor-toggle-item\">\n\t\t\t\t\t<h5 id=\"elementor-tab-title-2322\" class=\"elementor-tab-title\" data-tab=\"2\" role=\"button\" aria-controls=\"elementor-tab-content-2322\" aria-expanded=\"false\">\n\t\t\t\t\t\t\t\t\t\t\t\t<span class=\"elementor-toggle-icon elementor-toggle-icon-right\" aria-hidden=\"true\">\n\t\t\t\t\t\t\t\t\t\t\t\t\t\t\t<span class=\"elementor-toggle-icon-closed\"><i class=\"fas fa-caret-down\"><\/i><\/span>\n\t\t\t\t\t\t\t\t<span class=\"elementor-toggle-icon-opened\"><i class=\"elementor-toggle-icon-opened fas fa-caret-up\"><\/i><\/span>\n\t\t\t\t\t\t\t\t\t\t\t\t\t<\/span>\n\t\t\t\t\t\t\t\t\t\t\t\t<a class=\"elementor-toggle-title\" tabindex=\"0\">Aide Personnalis\u00e9e \u00e0 l\u2019Autonomie (APA)<\/a>\n\t\t\t\t\t<\/h5>\n\n\t\t\t\t\t<div id=\"elementor-tab-content-2322\" class=\"elementor-tab-content elementor-clearfix\" data-tab=\"2\" role=\"region\" aria-labelledby=\"elementor-tab-title-2322\"><p>Dossier \u00e0 retirer aupr\u00e8s du CCAS de votre commune.<\/p><\/div>\n\t\t\t\t<\/div>\n\t\t\t\t\t\t\t<div class=\"elementor-toggle-item\">\n\t\t\t\t\t<h5 id=\"elementor-tab-title-2323\" class=\"elementor-tab-title\" data-tab=\"3\" role=\"button\" aria-controls=\"elementor-tab-content-2323\" aria-expanded=\"false\">\n\t\t\t\t\t\t\t\t\t\t\t\t<span class=\"elementor-toggle-icon elementor-toggle-icon-right\" aria-hidden=\"true\">\n\t\t\t\t\t\t\t\t\t\t\t\t\t\t\t<span class=\"elementor-toggle-icon-closed\"><i class=\"fas fa-caret-down\"><\/i><\/span>\n\t\t\t\t\t\t\t\t<span class=\"elementor-toggle-icon-opened\"><i class=\"elementor-toggle-icon-opened fas fa-caret-up\"><\/i><\/span>\n\t\t\t\t\t\t\t\t\t\t\t\t\t<\/span>\n\t\t\t\t\t\t\t\t\t\t\t\t<a class=\"elementor-toggle-title\" tabindex=\"0\">Aide sociale secours aux familles<\/a>\n\t\t\t\t\t<\/h5>\n\n\t\t\t\t\t<div id=\"elementor-tab-content-2323\" class=\"elementor-tab-content elementor-clearfix\" data-tab=\"3\" role=\"region\" aria-labelledby=\"elementor-tab-title-2323\"><p style=\"text-align: justify;\">D\u00e9marches relatives \u00e0 l\u2019aide sociale aux familles et protection de l\u2019enfance : DGA solidarit\u00e9 (UAS), 11, rue de Changis \u00e0 Provins. D\u00e9marches relatives aux demandes de secours et certaines formalit\u00e9s d\u2019aide sociale : CCAS de votre commune.<\/p><\/div>\n\t\t\t\t<\/div>\n\t\t\t\t\t\t\t<div class=\"elementor-toggle-item\">\n\t\t\t\t\t<h5 id=\"elementor-tab-title-2324\" class=\"elementor-tab-title\" data-tab=\"4\" role=\"button\" aria-controls=\"elementor-tab-content-2324\" aria-expanded=\"false\">\n\t\t\t\t\t\t\t\t\t\t\t\t<span class=\"elementor-toggle-icon elementor-toggle-icon-right\" aria-hidden=\"true\">\n\t\t\t\t\t\t\t\t\t\t\t\t\t\t\t<span class=\"elementor-toggle-icon-closed\"><i class=\"fas fa-caret-down\"><\/i><\/span>\n\t\t\t\t\t\t\t\t<span class=\"elementor-toggle-icon-opened\"><i class=\"elementor-toggle-icon-opened fas fa-caret-up\"><\/i><\/span>\n\t\t\t\t\t\t\t\t\t\t\t\t\t<\/span>\n\t\t\t\t\t\t\t\t\t\t\t\t<a class=\"elementor-toggle-title\" tabindex=\"0\">Autorisation de sortie de territoire<\/a>\n\t\t\t\t\t<\/h5>\n\n\t\t\t\t\t<div id=\"elementor-tab-content-2324\" class=\"elementor-tab-content elementor-clearfix\" data-tab=\"4\" role=\"region\" aria-labelledby=\"elementor-tab-title-2324\"><ul id=\"u25083-11\" class=\"list0 nls-None\" style=\"list-style-type: disc;\"><li class=\"Txt\" style=\"text-align: justify;\">photocopie de la carte d\u2019identit\u00e9 de l\u2019enfant et d\u2019un des parents<\/li><li id=\"u25083-4\" class=\"Txt\" style=\"text-align: justify;\">\u00a0livret de famille des parents<\/li><li id=\"u25083-6\" class=\"Txt\" style=\"text-align: justify;\">\u00a0copie d\u2019un justificatif de domicile de moins de 3 mois avec nom et pr\u00e9nom<\/li><li id=\"u25083-8\" class=\"Txt\" style=\"text-align: justify;\">\u00a0en cas de s\u00e9paration de corps ou de filiation naturelle, la photocopie du justificatif de l\u2019autorit\u00e9 parentale<\/li><li id=\"u25083-10\" class=\"Txt\" style=\"text-align: justify;\">\u00a0en cas de divorce la copie du jugement de divorce et pr\u00e9senter les originaux.<\/li><\/ul><\/div>\n\t\t\t\t<\/div>\n\t\t\t\t\t\t\t\t<\/div>\n\t\t\t\t\t\t<\/div>\n\t\t\t\t<\/div>\n\t\t\t\t\t<\/div>\n\t\t<\/div>\n\t\t\t\t<div class=\"has_eae_slider elementor-column elementor-col-50 elementor-top-column elementor-element elementor-element-bf8d5d9\" data-eae-slider=\"55131\" data-id=\"bf8d5d9\" data-element_type=\"column\">\n\t\t\t<div class=\"elementor-widget-wrap elementor-element-populated\">\n\t\t\t\t\t\t<div class=\"elementor-element elementor-element-a9fb108 elementor-widget elementor-widget-toggle\" data-id=\"a9fb108\" data-element_type=\"widget\" data-widget_type=\"toggle.default\">\n\t\t\t\t<div class=\"elementor-widget-container\">\n\t\t\t\t\t\t\t<div class=\"elementor-toggle\">\n\t\t\t\t\t\t\t<div class=\"elementor-toggle-item\">\n\t\t\t\t\t<div id=\"elementor-tab-title-1781\" class=\"elementor-tab-title\" data-tab=\"1\" role=\"button\" aria-controls=\"elementor-tab-content-1781\" aria-expanded=\"false\">\n\t\t\t\t\t\t\t\t\t\t\t\t<span class=\"elementor-toggle-icon elementor-toggle-icon-right\" aria-hidden=\"true\">\n\t\t\t\t\t\t\t\t\t\t\t\t\t\t\t<span class=\"elementor-toggle-icon-closed\"><i class=\"fas fa-caret-down\"><\/i><\/span>\n\t\t\t\t\t\t\t\t<span class=\"elementor-toggle-icon-opened\"><i class=\"elementor-toggle-icon-opened fas fa-caret-up\"><\/i><\/span>\n\t\t\t\t\t\t\t\t\t\t\t\t\t<\/span>\n\t\t\t\t\t\t\t\t\t\t\t\t<a class=\"elementor-toggle-title\" tabindex=\"0\">D\u00e9claration de d\u00e9c\u00e8s<\/a>\n\t\t\t\t\t<\/div>\n\n\t\t\t\t\t<div id=\"elementor-tab-content-1781\" class=\"elementor-tab-content elementor-clearfix\" data-tab=\"1\" role=\"region\" aria-labelledby=\"elementor-tab-title-1781\"><p class=\"Txt\" style=\"text-align: justify;\">A la mairie du lieu du d\u00e9c\u00e8s dans les 24h qui suivent le d\u00e9c\u00e8s.<\/p><p id=\"u25044-6\" class=\"Txt\">Fournir :<\/p><ul id=\"u25044-11\" class=\"list0 nls-None\"><li id=\"u25044-8\" class=\"Txt\" style=\"text-align: justify;\">livret de famille ou extrait d&rsquo;acte de naissance,<\/li><li id=\"u25044-10\" class=\"Txt\" style=\"text-align: justify;\">certificat de d\u00e9c\u00e8s d\u00e9livr\u00e9 par le m\u00e9decin.<\/li><\/ul><\/div>\n\t\t\t\t<\/div>\n\t\t\t\t\t\t\t<div class=\"elementor-toggle-item\">\n\t\t\t\t\t<div id=\"elementor-tab-title-1782\" class=\"elementor-tab-title\" data-tab=\"2\" role=\"button\" aria-controls=\"elementor-tab-content-1782\" aria-expanded=\"false\">\n\t\t\t\t\t\t\t\t\t\t\t\t<span class=\"elementor-toggle-icon elementor-toggle-icon-right\" aria-hidden=\"true\">\n\t\t\t\t\t\t\t\t\t\t\t\t\t\t\t<span class=\"elementor-toggle-icon-closed\"><i class=\"fas fa-caret-down\"><\/i><\/span>\n\t\t\t\t\t\t\t\t<span class=\"elementor-toggle-icon-opened\"><i class=\"elementor-toggle-icon-opened fas fa-caret-up\"><\/i><\/span>\n\t\t\t\t\t\t\t\t\t\t\t\t\t<\/span>\n\t\t\t\t\t\t\t\t\t\t\t\t<a class=\"elementor-toggle-title\" tabindex=\"0\">Extrait d'acte de d\u00e9c\u00e8s<\/a>\n\t\t\t\t\t<\/div>\n\n\t\t\t\t\t<div id=\"elementor-tab-content-1782\" class=\"elementor-tab-content elementor-clearfix\" data-tab=\"2\" role=\"region\" aria-labelledby=\"elementor-tab-title-1782\"><p class=\"Txt\" style=\"text-align: justify;\">A la mairie du lieu de d\u00e9c\u00e8s ou du dernier domicile connu : indiquer date du d\u00e9c\u00e8s, nom et pr\u00e9noms. Fournir une enveloppe timbr\u00e9e.<\/p><p class=\"Txt\" style=\"text-align: justify;\">Par internet sur le site <a class=\"nonblock\" href=\"https:\/\/www.service-public.fr\/particuliers\/vosdroits\/F1444\" target=\"_blank\" rel=\"noopener\">mon.service-public.fr<\/a><\/p><\/div>\n\t\t\t\t<\/div>\n\t\t\t\t\t\t\t<div class=\"elementor-toggle-item\">\n\t\t\t\t\t<div id=\"elementor-tab-title-1783\" class=\"elementor-tab-title\" data-tab=\"3\" role=\"button\" aria-controls=\"elementor-tab-content-1783\" aria-expanded=\"false\">\n\t\t\t\t\t\t\t\t\t\t\t\t<span class=\"elementor-toggle-icon elementor-toggle-icon-right\" aria-hidden=\"true\">\n\t\t\t\t\t\t\t\t\t\t\t\t\t\t\t<span class=\"elementor-toggle-icon-closed\"><i class=\"fas fa-caret-down\"><\/i><\/span>\n\t\t\t\t\t\t\t\t<span class=\"elementor-toggle-icon-opened\"><i class=\"elementor-toggle-icon-opened fas fa-caret-up\"><\/i><\/span>\n\t\t\t\t\t\t\t\t\t\t\t\t\t<\/span>\n\t\t\t\t\t\t\t\t\t\t\t\t<a class=\"elementor-toggle-title\" tabindex=\"0\">Certificat d'h\u00e9r\u00e9dit\u00e9<\/a>\n\t\t\t\t\t<\/div>\n\n\t\t\t\t\t<div id=\"elementor-tab-content-1783\" class=\"elementor-tab-content elementor-clearfix\" data-tab=\"3\" role=\"region\" aria-labelledby=\"elementor-tab-title-1783\"><p class=\"Txt\" style=\"text-align: justify;\">A la mairie du domicile du d\u00e9funt ou de l&rsquo;un des h\u00e9ritiers pour une somme inf\u00e9rieure \u00e0 5336 \u20ac ; au-del\u00e0, Tribunal d&rsquo;Instance du domicile du d\u00e9funt.<\/p><p class=\"Txt\" style=\"text-align: justify;\">Fournir pi\u00e8ce d&rsquo;identit\u00e9 de l&rsquo;h\u00e9ritier demandeur, 2 t\u00e9moins majeurs, livret de famille du d\u00e9funt.<\/p><\/div>\n\t\t\t\t<\/div>\n\t\t\t\t\t\t\t<div class=\"elementor-toggle-item\">\n\t\t\t\t\t<div id=\"elementor-tab-title-1784\" class=\"elementor-tab-title\" data-tab=\"4\" role=\"button\" aria-controls=\"elementor-tab-content-1784\" aria-expanded=\"false\">\n\t\t\t\t\t\t\t\t\t\t\t\t<span class=\"elementor-toggle-icon elementor-toggle-icon-right\" aria-hidden=\"true\">\n\t\t\t\t\t\t\t\t\t\t\t\t\t\t\t<span class=\"elementor-toggle-icon-closed\"><i class=\"fas fa-caret-down\"><\/i><\/span>\n\t\t\t\t\t\t\t\t<span class=\"elementor-toggle-icon-opened\"><i class=\"elementor-toggle-icon-opened fas fa-caret-up\"><\/i><\/span>\n\t\t\t\t\t\t\t\t\t\t\t\t\t<\/span>\n\t\t\t\t\t\t\t\t\t\t\t\t<a class=\"elementor-toggle-title\" tabindex=\"0\">Livret de famille duplicata<\/a>\n\t\t\t\t\t<\/div>\n\n\t\t\t\t\t<div id=\"elementor-tab-content-1784\" class=\"elementor-tab-content elementor-clearfix\" data-tab=\"4\" role=\"region\" aria-labelledby=\"elementor-tab-title-1784\"><p>A la mairie du lieu de mariage ou du domicile. Fournir \u00e9tat civil du conjoint et des enfants.<\/p><\/div>\n\t\t\t\t<\/div>\n\t\t\t\t\t\t\t<div class=\"elementor-toggle-item\">\n\t\t\t\t\t<div id=\"elementor-tab-title-1785\" class=\"elementor-tab-title\" data-tab=\"5\" role=\"button\" aria-controls=\"elementor-tab-content-1785\" aria-expanded=\"false\">\n\t\t\t\t\t\t\t\t\t\t\t\t<span class=\"elementor-toggle-icon elementor-toggle-icon-right\" aria-hidden=\"true\">\n\t\t\t\t\t\t\t\t\t\t\t\t\t\t\t<span class=\"elementor-toggle-icon-closed\"><i class=\"fas fa-caret-down\"><\/i><\/span>\n\t\t\t\t\t\t\t\t<span class=\"elementor-toggle-icon-opened\"><i class=\"elementor-toggle-icon-opened fas fa-caret-up\"><\/i><\/span>\n\t\t\t\t\t\t\t\t\t\t\t\t\t<\/span>\n\t\t\t\t\t\t\t\t\t\t\t\t<a class=\"elementor-toggle-title\" tabindex=\"0\">Livret pour p\u00e8re ou m\u00e8re naturel(s)<\/a>\n\t\t\t\t\t<\/div>\n\n\t\t\t\t\t<div id=\"elementor-tab-content-1785\" class=\"elementor-tab-content elementor-clearfix\" data-tab=\"5\" role=\"region\" aria-labelledby=\"elementor-tab-title-1785\"><p>A la mairie du lieu du domicile ou du lieu de naissance de l&rsquo;enfant.<\/p><\/div>\n\t\t\t\t<\/div>\n\t\t\t\t\t\t\t<div class=\"elementor-toggle-item\">\n\t\t\t\t\t<div id=\"elementor-tab-title-1786\" class=\"elementor-tab-title\" data-tab=\"6\" role=\"button\" aria-controls=\"elementor-tab-content-1786\" aria-expanded=\"false\">\n\t\t\t\t\t\t\t\t\t\t\t\t<span class=\"elementor-toggle-icon elementor-toggle-icon-right\" aria-hidden=\"true\">\n\t\t\t\t\t\t\t\t\t\t\t\t\t\t\t<span class=\"elementor-toggle-icon-closed\"><i class=\"fas fa-caret-down\"><\/i><\/span>\n\t\t\t\t\t\t\t\t<span class=\"elementor-toggle-icon-opened\"><i class=\"elementor-toggle-icon-opened fas fa-caret-up\"><\/i><\/span>\n\t\t\t\t\t\t\t\t\t\t\t\t\t<\/span>\n\t\t\t\t\t\t\t\t\t\t\t\t<a class=\"elementor-toggle-title\" tabindex=\"0\">L\u00e9galisation de signature (notaire)<\/a>\n\t\t\t\t\t<\/div>\n\n\t\t\t\t\t<div id=\"elementor-tab-content-1786\" class=\"elementor-tab-content elementor-clearfix\" data-tab=\"6\" role=\"region\" aria-labelledby=\"elementor-tab-title-1786\"><p>Fournir la pi\u00e8ce d&rsquo;identit\u00e9.<\/p><\/div>\n\t\t\t\t<\/div>\n\t\t\t\t\t\t\t<div class=\"elementor-toggle-item\">\n\t\t\t\t\t<div id=\"elementor-tab-title-1787\" class=\"elementor-tab-title\" data-tab=\"7\" role=\"button\" aria-controls=\"elementor-tab-content-1787\" aria-expanded=\"false\">\n\t\t\t\t\t\t\t\t\t\t\t\t<span class=\"elementor-toggle-icon elementor-toggle-icon-right\" aria-hidden=\"true\">\n\t\t\t\t\t\t\t\t\t\t\t\t\t\t\t<span class=\"elementor-toggle-icon-closed\"><i class=\"fas fa-caret-down\"><\/i><\/span>\n\t\t\t\t\t\t\t\t<span class=\"elementor-toggle-icon-opened\"><i class=\"elementor-toggle-icon-opened fas fa-caret-up\"><\/i><\/span>\n\t\t\t\t\t\t\t\t\t\t\t\t\t<\/span>\n\t\t\t\t\t\t\t\t\t\t\t\t<a class=\"elementor-toggle-title\" tabindex=\"0\">Certificat de domicile, de r\u00e9sidence et de non-s\u00e9paration de corps<\/a>\n\t\t\t\t\t<\/div>\n\n\t\t\t\t\t<div id=\"elementor-tab-content-1787\" class=\"elementor-tab-content elementor-clearfix\" data-tab=\"7\" role=\"region\" aria-labelledby=\"elementor-tab-title-1787\"><p>Attestation sur l\u2019honneur (imprim\u00e9s \u00e0 remplir et \u00e0 signer par l&rsquo;int\u00e9ress\u00e9).<\/p><\/div>\n\t\t\t\t<\/div>\n\t\t\t\t\t\t\t\t<\/div>\n\t\t\t\t\t\t<\/div>\n\t\t\t\t<\/div>\n\t\t\t\t<div class=\"elementor-element elementor-element-a74734a elementor-widget elementor-widget-spacer\" data-id=\"a74734a\" data-element_type=\"widget\" data-widget_type=\"spacer.default\">\n\t\t\t\t<div class=\"elementor-widget-container\">\n\t\t\t\t\t\t\t<div class=\"elementor-spacer\">\n\t\t\t<div class=\"elementor-spacer-inner\"><\/div>\n\t\t<\/div>\n\t\t\t\t\t\t<\/div>\n\t\t\t\t<\/div>\n\t\t\t\t<div class=\"elementor-element elementor-element-4e0d488 elementor-widget elementor-widget-toggle\" data-id=\"4e0d488\" data-element_type=\"widget\" data-widget_type=\"toggle.default\">\n\t\t\t\t<div class=\"elementor-widget-container\">\n\t\t\t\t\t\t\t<div class=\"elementor-toggle\">\n\t\t\t\t\t\t\t<div class=\"elementor-toggle-item\">\n\t\t\t\t\t<h5 id=\"elementor-tab-title-8181\" class=\"elementor-tab-title\" data-tab=\"1\" role=\"button\" aria-controls=\"elementor-tab-content-8181\" aria-expanded=\"false\">\n\t\t\t\t\t\t\t\t\t\t\t\t<span class=\"elementor-toggle-icon elementor-toggle-icon-right\" aria-hidden=\"true\">\n\t\t\t\t\t\t\t\t\t\t\t\t\t\t\t<span class=\"elementor-toggle-icon-closed\"><i class=\"fas fa-caret-down\"><\/i><\/span>\n\t\t\t\t\t\t\t\t<span class=\"elementor-toggle-icon-opened\"><i class=\"elementor-toggle-icon-opened fas fa-caret-up\"><\/i><\/span>\n\t\t\t\t\t\t\t\t\t\t\t\t\t<\/span>\n\t\t\t\t\t\t\t\t\t\t\t\t<a class=\"elementor-toggle-title\" tabindex=\"0\">Carte Am\u00e9thystes et Rubis<\/a>\n\t\t\t\t\t<\/h5>\n\n\t\t\t\t\t<div id=\"elementor-tab-content-8181\" class=\"elementor-tab-content elementor-clearfix\" data-tab=\"1\" role=\"region\" aria-labelledby=\"elementor-tab-title-8181\"><p>Instruction du dossier aupr\u00e8s du CCAS de votre commune.<\/p><\/div>\n\t\t\t\t<\/div>\n\t\t\t\t\t\t\t<div class=\"elementor-toggle-item\">\n\t\t\t\t\t<h5 id=\"elementor-tab-title-8182\" class=\"elementor-tab-title\" data-tab=\"2\" role=\"button\" aria-controls=\"elementor-tab-content-8182\" aria-expanded=\"false\">\n\t\t\t\t\t\t\t\t\t\t\t\t<span class=\"elementor-toggle-icon elementor-toggle-icon-right\" aria-hidden=\"true\">\n\t\t\t\t\t\t\t\t\t\t\t\t\t\t\t<span class=\"elementor-toggle-icon-closed\"><i class=\"fas fa-caret-down\"><\/i><\/span>\n\t\t\t\t\t\t\t\t<span class=\"elementor-toggle-icon-opened\"><i class=\"elementor-toggle-icon-opened fas fa-caret-up\"><\/i><\/span>\n\t\t\t\t\t\t\t\t\t\t\t\t\t<\/span>\n\t\t\t\t\t\t\t\t\t\t\t\t<a class=\"elementor-toggle-title\" tabindex=\"0\">Carte d\u2019invalidit\u00e9, Allocation Adulte Handicap\u00e9, reclassement professionnel, carte d'invalidit\u00e9 mineure<\/a>\n\t\t\t\t\t<\/h5>\n\n\t\t\t\t\t<div id=\"elementor-tab-content-8182\" class=\"elementor-tab-content elementor-clearfix\" data-tab=\"2\" role=\"region\" aria-labelledby=\"elementor-tab-title-8182\"><p class=\"Txt\" style=\"text-align: justify;\">Prestation de compensation du handicap (ex-allocation compensatrice tierce personne).<\/p><p class=\"Txt\" style=\"text-align: justify;\">Maison D\u00e9partementale des Personnes Handicap\u00e9es<br \/>T\u00e9l. : 08 00 14 77 77<\/p><\/div>\n\t\t\t\t<\/div>\n\t\t\t\t\t\t\t<div class=\"elementor-toggle-item\">\n\t\t\t\t\t<h5 id=\"elementor-tab-title-8183\" class=\"elementor-tab-title\" data-tab=\"3\" role=\"button\" aria-controls=\"elementor-tab-content-8183\" aria-expanded=\"false\">\n\t\t\t\t\t\t\t\t\t\t\t\t<span class=\"elementor-toggle-icon elementor-toggle-icon-right\" aria-hidden=\"true\">\n\t\t\t\t\t\t\t\t\t\t\t\t\t\t\t<span class=\"elementor-toggle-icon-closed\"><i class=\"fas fa-caret-down\"><\/i><\/span>\n\t\t\t\t\t\t\t\t<span class=\"elementor-toggle-icon-opened\"><i class=\"elementor-toggle-icon-opened fas fa-caret-up\"><\/i><\/span>\n\t\t\t\t\t\t\t\t\t\t\t\t\t<\/span>\n\t\t\t\t\t\t\t\t\t\t\t\t<a class=\"elementor-toggle-title\" tabindex=\"0\">CMU (couverture maladie universelle) et CMUC (compl\u00e9mentaire)<\/a>\n\t\t\t\t\t<\/h5>\n\n\t\t\t\t\t<div id=\"elementor-tab-content-8183\" class=\"elementor-tab-content elementor-clearfix\" data-tab=\"3\" role=\"region\" aria-labelledby=\"elementor-tab-title-8183\"><p>S\u2019adresser \u00e0 la Caisse primaire d\u2019assurances maladie<br \/>4, rue du G\u00e9n\u00e9ral Delort \u2013 Provins<\/p><\/div>\n\t\t\t\t<\/div>\n\t\t\t\t\t\t\t<div class=\"elementor-toggle-item\">\n\t\t\t\t\t<h5 id=\"elementor-tab-title-8184\" class=\"elementor-tab-title\" data-tab=\"4\" role=\"button\" aria-controls=\"elementor-tab-content-8184\" aria-expanded=\"false\">\n\t\t\t\t\t\t\t\t\t\t\t\t<span class=\"elementor-toggle-icon elementor-toggle-icon-right\" aria-hidden=\"true\">\n\t\t\t\t\t\t\t\t\t\t\t\t\t\t\t<span class=\"elementor-toggle-icon-closed\"><i class=\"fas fa-caret-down\"><\/i><\/span>\n\t\t\t\t\t\t\t\t<span class=\"elementor-toggle-icon-opened\"><i class=\"elementor-toggle-icon-opened fas fa-caret-up\"><\/i><\/span>\n\t\t\t\t\t\t\t\t\t\t\t\t\t<\/span>\n\t\t\t\t\t\t\t\t\t\t\t\t<a class=\"elementor-toggle-title\" tabindex=\"0\">Extrait de casier judiciaire<\/a>\n\t\t\t\t\t<\/h5>\n\n\t\t\t\t\t<div id=\"elementor-tab-content-8184\" class=\"elementor-tab-content elementor-clearfix\" data-tab=\"4\" role=\"region\" aria-labelledby=\"elementor-tab-title-8184\"><p id=\"u24984-6\" class=\"Txt\">Casier judiciaire <br \/>107, rue de Landreau <br \/>44300 Nantes cedex`<\/p><p id=\"u24984-8\" class=\"Txt\" style=\"text-align: justify;\">Faire un courrier avec photocopie d\u2019une pi\u00e8ce d\u2019identit\u00e9.<\/p><\/div>\n\t\t\t\t<\/div>\n\t\t\t\t\t\t\t<div class=\"elementor-toggle-item\">\n\t\t\t\t\t<h5 id=\"elementor-tab-title-8185\" class=\"elementor-tab-title\" data-tab=\"5\" role=\"button\" aria-controls=\"elementor-tab-content-8185\" aria-expanded=\"false\">\n\t\t\t\t\t\t\t\t\t\t\t\t<span class=\"elementor-toggle-icon elementor-toggle-icon-right\" aria-hidden=\"true\">\n\t\t\t\t\t\t\t\t\t\t\t\t\t\t\t<span class=\"elementor-toggle-icon-closed\"><i class=\"fas fa-caret-down\"><\/i><\/span>\n\t\t\t\t\t\t\t\t<span class=\"elementor-toggle-icon-opened\"><i class=\"elementor-toggle-icon-opened fas fa-caret-up\"><\/i><\/span>\n\t\t\t\t\t\t\t\t\t\t\t\t\t<\/span>\n\t\t\t\t\t\t\t\t\t\t\t\t<a class=\"elementor-toggle-title\" tabindex=\"0\">M\u00e9daille de la Famille Fran\u00e7aise<\/a>\n\t\t\t\t\t<\/h5>\n\n\t\t\t\t\t<div id=\"elementor-tab-content-8185\" class=\"elementor-tab-content elementor-clearfix\" data-tab=\"5\" role=\"region\" aria-labelledby=\"elementor-tab-title-8185\"><p>M<span class=\"superscript\">me<\/span> Marie-Th\u00e9r\u00e8se Parisot<br \/>Membre de l\u2019UDAF<br \/>T\u00e9l. : 01 64 00 28 33<\/p><\/div>\n\t\t\t\t<\/div>\n\t\t\t\t\t\t\t<div class=\"elementor-toggle-item\">\n\t\t\t\t\t<h5 id=\"elementor-tab-title-8186\" class=\"elementor-tab-title\" data-tab=\"6\" role=\"button\" aria-controls=\"elementor-tab-content-8186\" aria-expanded=\"false\">\n\t\t\t\t\t\t\t\t\t\t\t\t<span class=\"elementor-toggle-icon elementor-toggle-icon-right\" aria-hidden=\"true\">\n\t\t\t\t\t\t\t\t\t\t\t\t\t\t\t<span class=\"elementor-toggle-icon-closed\"><i class=\"fas fa-caret-down\"><\/i><\/span>\n\t\t\t\t\t\t\t\t<span class=\"elementor-toggle-icon-opened\"><i class=\"elementor-toggle-icon-opened fas fa-caret-up\"><\/i><\/span>\n\t\t\t\t\t\t\t\t\t\t\t\t\t<\/span>\n\t\t\t\t\t\t\t\t\t\t\t\t<a class=\"elementor-toggle-title\" tabindex=\"0\">m\u00e9daille du travail<\/a>\n\t\t\t\t\t<\/h5>\n\n\t\t\t\t\t<div id=\"elementor-tab-content-8186\" class=\"elementor-tab-content elementor-clearfix\" data-tab=\"6\" role=\"region\" aria-labelledby=\"elementor-tab-title-8186\"><p id=\"u24969-2\" class=\"Txt\" style=\"text-align: justify;\"><strong><span style=\"color: #ff0000;\">\u00c0 demander en sous-pr\u00e9fecture par le dernier employeur.<\/span><\/strong><\/p><p class=\"Txt\">Fournir :<\/p><ul id=\"u24969-9\" class=\"list0 nls-None\" style=\"list-style-type: disc;\"><li id=\"u24969-6\" class=\"Txt\" style=\"text-align: left;\">Certificats des trois derniers employeurs<\/li><li id=\"u24969-8\" class=\"Txt\" style=\"text-align: left;\">Photocopie du livret militaire<\/li><\/ul><\/div>\n\t\t\t\t<\/div>\n\t\t\t\t\t\t\t<div class=\"elementor-toggle-item\">\n\t\t\t\t\t<h5 id=\"elementor-tab-title-8187\" class=\"elementor-tab-title\" data-tab=\"7\" role=\"button\" aria-controls=\"elementor-tab-content-8187\" aria-expanded=\"false\">\n\t\t\t\t\t\t\t\t\t\t\t\t<span class=\"elementor-toggle-icon elementor-toggle-icon-right\" aria-hidden=\"true\">\n\t\t\t\t\t\t\t\t\t\t\t\t\t\t\t<span class=\"elementor-toggle-icon-closed\"><i class=\"fas fa-caret-down\"><\/i><\/span>\n\t\t\t\t\t\t\t\t<span class=\"elementor-toggle-icon-opened\"><i class=\"elementor-toggle-icon-opened fas fa-caret-up\"><\/i><\/span>\n\t\t\t\t\t\t\t\t\t\t\t\t\t<\/span>\n\t\t\t\t\t\t\t\t\t\t\t\t<a class=\"elementor-toggle-title\" tabindex=\"0\">Permis de chasser<\/a>\n\t\t\t\t\t<\/h5>\n\n\t\t\t\t\t<div id=\"elementor-tab-content-8187\" class=\"elementor-tab-content elementor-clearfix\" data-tab=\"7\" role=\"region\" aria-labelledby=\"elementor-tab-title-8187\"><p class=\"Txt\"><strong><span id=\"u24966\">F\u00e9d\u00e9ration d\u00e9partementale des chasseurs<\/span><\/strong><br \/>T\u00e9l. : 01 64 14 40 20<\/p><p class=\"Txt\" style=\"text-align: justify;\">Validation du permis, souscription d\u2019un contrat d\u2019assurance, paiement des cotisations f\u00e9d\u00e9rales et retrait du document de validation. Ce document doit \u00eatre rempli et sign\u00e9 par le chasseur (il y colle le timbre f\u00e9d\u00e9ral). Muni de ce document et d\u2019une attestation d\u2019assurance, le chasseur paie les redevances cyn\u00e9g\u00e9tiques (droit au profit de l\u2019\u00c9tat et taxe au profit de la commune) aupr\u00e8s du Tr\u00e9sor public.<\/p><\/div>\n\t\t\t\t<\/div>\n\t\t\t\t\t\t\t<div class=\"elementor-toggle-item\">\n\t\t\t\t\t<h5 id=\"elementor-tab-title-8188\" class=\"elementor-tab-title\" data-tab=\"8\" role=\"button\" aria-controls=\"elementor-tab-content-8188\" aria-expanded=\"false\">\n\t\t\t\t\t\t\t\t\t\t\t\t<span class=\"elementor-toggle-icon elementor-toggle-icon-right\" aria-hidden=\"true\">\n\t\t\t\t\t\t\t\t\t\t\t\t\t\t\t<span class=\"elementor-toggle-icon-closed\"><i class=\"fas fa-caret-down\"><\/i><\/span>\n\t\t\t\t\t\t\t\t<span class=\"elementor-toggle-icon-opened\"><i class=\"elementor-toggle-icon-opened fas fa-caret-up\"><\/i><\/span>\n\t\t\t\t\t\t\t\t\t\t\t\t\t<\/span>\n\t\t\t\t\t\t\t\t\t\t\t\t<a class=\"elementor-toggle-title\" tabindex=\"0\">Urbanisme<\/a>\n\t\t\t\t\t<\/h5>\n\n\t\t\t\t\t<div id=\"elementor-tab-content-8188\" class=\"elementor-tab-content elementor-clearfix\" data-tab=\"8\" role=\"region\" aria-labelledby=\"elementor-tab-title-8188\"><p class=\"Txt\" style=\"text-align: justify;\">Autorisation de voirie (d\u00e9m\u00e9nagements, bennes\u2026), permis de construire, d\u00e9claration de travaux, certificat d\u2019urbanisme, ravalement.<\/p><p class=\"Txt\" style=\"text-align: justify;\">Rens. : bureau de l\u2019urbanisme en mairie.<\/p><\/div>\n\t\t\t\t<\/div>\n\t\t\t\t\t\t\t\t<\/div>\n\t\t\t\t\t\t<\/div>\n\t\t\t\t<\/div>\n\t\t\t\t<div class=\"elementor-element elementor-element-7463a54 elementor-widget elementor-widget-toggle\" data-id=\"7463a54\" data-element_type=\"widget\" data-widget_type=\"toggle.default\">\n\t\t\t\t<div class=\"elementor-widget-container\">\n\t\t\t\t\t\t\t<div class=\"elementor-toggle\">\n\t\t\t\t\t\t\t<div class=\"elementor-toggle-item\">\n\t\t\t\t\t<h5 id=\"elementor-tab-title-1221\" class=\"elementor-tab-title\" data-tab=\"1\" role=\"button\" aria-controls=\"elementor-tab-content-1221\" aria-expanded=\"false\">\n\t\t\t\t\t\t\t\t\t\t\t\t<span class=\"elementor-toggle-icon elementor-toggle-icon-right\" aria-hidden=\"true\">\n\t\t\t\t\t\t\t\t\t\t\t\t\t\t\t<span class=\"elementor-toggle-icon-closed\"><i class=\"fas fa-caret-down\"><\/i><\/span>\n\t\t\t\t\t\t\t\t<span class=\"elementor-toggle-icon-opened\"><i class=\"elementor-toggle-icon-opened fas fa-caret-up\"><\/i><\/span>\n\t\t\t\t\t\t\t\t\t\t\t\t\t<\/span>\n\t\t\t\t\t\t\t\t\t\t\t\t<a class=\"elementor-toggle-title\" tabindex=\"0\">\u00c9LECTIONS<\/a>\n\t\t\t\t\t<\/h5>\n\n\t\t\t\t\t<div id=\"elementor-tab-content-1221\" class=\"elementor-tab-content elementor-clearfix\" data-tab=\"1\" role=\"region\" aria-labelledby=\"elementor-tab-title-1221\"><p class=\"p1\">La <b>commission de contr\u00f4le<\/b> charg\u00e9e de la r\u00e9gularit\u00e9 des listes \u00e9lectorales se tiendra le : <b>Vendredi 20 f\u00e9vrier 2026 \u00e0 15h00<br \/><\/b>en MAIRIE DE PROVINS<\/p><p><a href=\"https:\/\/mairie-provins.fr\/wp\/wp-content\/uploads\/2026\/02\/AVIS-arrete-prefectoral.pdf\" target=\"_blank\" rel=\"noopener\">Informations<\/a><\/p><\/div>\n\t\t\t\t<\/div>\n\t\t\t\t\t\t\t\t<\/div>\n\t\t\t\t\t\t<\/div>\n\t\t\t\t<\/div>\n\t\t\t\t\t<\/div>\n\t\t<\/div>\n\t\t\t\t\t<\/div>\n\t\t<\/section>\n\t\t\t\t<\/div>\n\t\t","protected":false},"excerpt":{"rendered":"<p>PI\u00c8CES D&rsquo;IDENTIT\u00c9 Carte nationale d\u2019identit\u00e9 s\u00e9curis\u00e9e Pour votre carte d&rsquo;identit\u00e9, vous devez prendre rendez-vous sur ce site Pi\u00e8ces \u00e0 fournir Copie recto\/verso de la carte d\u2019identit\u00e9 2 photos d\u2019identit\u00e9 couleur fond clair non d\u00e9coup\u00e9es Copie d\u2019un justificatif de domicile de moins de 3 mois avec nom et pr\u00e9nom Si la carte est p\u00e9rim\u00e9e ou perdue [&hellip;]<\/p>\n","protected":false},"author":2,"featured_media":0,"comment_status":"closed","ping_status":"open","sticky":false,"template":"","format":"standard","meta":{"footnotes":""},"categories":[24],"tags":[],"class_list":{"0":"post-3833","1":"post","2":"type-post","3":"status-publish","4":"format-standard","6":"category-ma-ville","7":"czr-hentry"},"aioseo_notices":[],"publishpress_future_action":{"enabled":false,"date":"2026-05-07 17:32:27","action":"change-status","newStatus":"draft","terms":[],"taxonomy":"category","extraData":[]},"publishpress_future_workflow_manual_trigger":{"enabledWorkflows":[]},"_links":{"self":[{"href":"https:\/\/mairie-provins.fr\/wp\/wp-json\/wp\/v2\/posts\/3833","targetHints":{"allow":["GET"]}}],"collection":[{"href":"https:\/\/mairie-provins.fr\/wp\/wp-json\/wp\/v2\/posts"}],"about":[{"href":"https:\/\/mairie-provins.fr\/wp\/wp-json\/wp\/v2\/types\/post"}],"author":[{"embeddable":true,"href":"https:\/\/mairie-provins.fr\/wp\/wp-json\/wp\/v2\/users\/2"}],"replies":[{"embeddable":true,"href":"https:\/\/mairie-provins.fr\/wp\/wp-json\/wp\/v2\/comments?post=3833"}],"version-history":[{"count":0,"href":"https:\/\/mairie-provins.fr\/wp\/wp-json\/wp\/v2\/posts\/3833\/revisions"}],"wp:attachment":[{"href":"https:\/\/mairie-provins.fr\/wp\/wp-json\/wp\/v2\/media?parent=3833"}],"wp:term":[{"taxonomy":"category","embeddable":true,"href":"https:\/\/mairie-provins.fr\/wp\/wp-json\/wp\/v2\/categories?post=3833"},{"taxonomy":"post_tag","embeddable":true,"href":"https:\/\/mairie-provins.fr\/wp\/wp-json\/wp\/v2\/tags?post=3833"}],"curies":[{"name":"wp","href":"https:\/\/api.w.org\/{rel}","templated":true}]}}